{"id":895,"date":"2010-05-14T13:06:45","date_gmt":"2010-05-14T11:06:45","guid":{"rendered":"http:\/\/blogs.lavozdegalicia.es\/victorsalgado\/?p=895"},"modified":"2010-05-14T13:09:54","modified_gmt":"2010-05-14T11:09:54","slug":"i-jornada-sobre-prueba-electronica-judicial-en-galicia","status":"publish","type":"post","link":"https:\/\/blogs.lavozdegalicia.es\/victorsalgado\/2010\/05\/14\/i-jornada-sobre-prueba-electronica-judicial-en-galicia\/","title":{"rendered":"I Jornada sobre Prueba Electr\u00f3nica Judicial en Galicia"},"content":{"rendered":"<p><!--StartFragment--><\/p>\n<p class=\"MsoNormal\"><span>El <strong>pr\u00f3ximo d\u00eda 5 de junio, s\u00e1bado,<\/strong> se celebrar\u00e1 la <em><a href=\"http:\/\/www.cpetig.org\/blog\/?p=763\" target=\"_blank\">I Jornada de Inform\u00e1tica Judicial y Delitos Inform\u00e1ticos<\/a> <\/em>organizada por el <em><a href=\"http:\/\/www.cpetig.org\/\" target=\"_blank\">Colegio Profesional de Ingenier\u00eda T\u00e9cnica en Inform\u00e1tica de Galicia<\/a><\/em> (CPETIG) en el <a href=\"http:\/\/www.louxolatoja.com\/\" target=\"_blank\">Hotel Louxo de La Isla de La Toja<\/a> (Pontevedra).<\/span><\/p>\n<p class=\"MsoNormal\"><span><a href=\"http:\/\/www.cpetig.org\/blog\/wp-content\/uploads\/2010\/05\/Cartel-Curso-XX-8.jpg\" target=\"_blank\"><img loading=\"lazy\" decoding=\"async\" class=\"alignright size-full wp-image-907\" src=\"https:\/\/blogs.lavozdegalicia.es\/victorsalgado\/files\/2010\/05\/cartel-jornada-prueba-electronica-cpetig.jpg\" alt=\"cartel-jornada-prueba-electronica-galicia-cpetig\" width=\"292\" height=\"412\" srcset=\"https:\/\/blogs.lavozdegalicia.es\/victorsalgado\/files\/2010\/05\/cartel-jornada-prueba-electronica-cpetig.jpg 400w, https:\/\/blogs.lavozdegalicia.es\/victorsalgado\/files\/2010\/05\/cartel-jornada-prueba-electronica-cpetig-m.jpg 212w\" sizes=\"auto, (max-width: 292px) 100vw, 292px\" \/><\/a>Esta Jornada, de la cual tengo el honor de ser director t\u00e9cnico, es pionera en Galicia en cuanto a su tem\u00e1tica y participantes. Su objetivo es <strong>destacar la importancia de la prueba electr\u00f3nica en el \u00e1mbito judicial y forense<\/strong>, donde la labor de los <a href=\"http:\/\/www.cpetig.org\/blog\/?attachment_id=272\" target=\"_blank\">peritos inform\u00e1ticos<\/a> es fundamental.<\/span><\/p>\n<p class=\"MsoNormal\"><span>Sin duda, este objetivo se lograr\u00e1 gracias a la intervenci\u00f3n de los mejores expertos del pa\u00eds como <strong><a href=\"http:\/\/www.davara.com\/firma\/presidente.html\" target=\"_blank\">Miguel \u00c1ngel Davara<\/a><\/strong>, primer Catedr\u00e1tico europeo en Derecho Inform\u00e1tico, <strong>Eloy Velasco<\/strong>, Magistrado-Juez de la Audiencia Nacional y m\u00e1ximo especialista de la judicatura, <strong><a href=\"http:\/\/bitacora.palomallaneza.com\/cv\/\" target=\"_blank\">Paloma Llaneza<\/a><\/strong>, abogada de prestigio internacional y presidenta de AEDEL,<span> <\/span>y <strong>Juan Salom Clotet<\/strong>, Jefe de la UCO del <a href=\"https:\/\/www.gdt.guardiacivil.es\/webgdt\/\" target=\"_blank\">Grupo de Delitos Telem\u00e1ticos de la Guardia Civil<\/a>.<\/span><\/p>\n<p class=\"MsoNormal\"><span>La jornada culmina con una intensa mesa redonda, moderada por <strong>Juan Bautista Quintas<\/strong>, Magistrado del <a href=\"http:\/\/galicia.tribunalsuperiordejusticia.es\/\" target=\"_blank\">TSJG<\/a>, que contar\u00e1 tambi\u00e9n con especialistas de la talla de <strong>Luis Mar\u00eda Uriarte<\/strong>, <a href=\"http:\/\/www.laopinioncoruna.es\/sociedad\/2010\/01\/29\/luis-maria-uriarte-hay-delito-existe-animo-lucro-caso-evidente\/354285.html\" target=\"_blank\">Fiscal especialista en criminalidad inform\u00e1tica<\/a>, <strong>Javier Sanz Larruga<\/strong>, <a href=\"https:\/\/blogs.lavozdegalicia.es\/javiersanz\/\" target=\"_blank\">Profesor Titular de la UDC<\/a> <span> <\/span>y <strong>Miguel Abal<\/strong>, Perito Inform\u00e1tico Experto del <a href=\"http:\/\/www.cpetig.org\/\" target=\"_blank\">CPETIG<\/a>.<\/span><\/p>\n<p class=\"MsoNormal\"><span>Se puede consultar <strong>m\u00e1s informaci\u00f3n sobre el programa e inscripciones<\/strong> a trav\u00e9s de la <a href=\"http:\/\/www.cpetig.org\/\" target=\"_blank\">p\u00e1gina web del Colegio<\/a> en la siguiente direcci\u00f3n:<\/span><\/p>\n<p class=\"MsoNormal\"><span style=\"text-decoration: underline\"><span>http:\/\/www.cpetig.org\/blog\/?p=763<\/span><\/span><\/p>\n<p><!--EndFragment--><\/p>\n","protected":false},"excerpt":{"rendered":"<p>El d\u00eda 5 de junio de 2010, s\u00e1bado, se celebrar\u00e1 la I Jornada de Inform\u00e1tica Judicial y Delitos Inform\u00e1ticos organizada por el Colegio Profesional de Ingenier\u00eda T\u00e9cnica en Inform\u00e1tica de Galicia (CPETIG) en el Hotel Louxo de La Isla de La Toja (Pontevedra).<\/p>\n","protected":false},"author":180,"featured_media":0,"comment_status":"open","ping_status":"open","sticky":false,"template":"","format":"standard","meta":{"ngg_post_thumbnail":0,"footnotes":""},"categories":[9167],"tags":[7506,247881,9171,247882,40,223,9170,3090,9172,9169,9168],"class_list":["post-895","post","type-post","status-publish","format-standard","hentry","category-eventos","tag-cibercrimen","tag-ciberdelitos","tag-delitos-informaticos","tag-firma-electronica","tag-internet","tag-jornada","tag-judicial","tag-juez","tag-pericial-forense","tag-peritos-informaticos","tag-prueba-electronica"],"aioseo_notices":[],"_links":{"self":[{"href":"https:\/\/blogs.lavozdegalicia.es\/victorsalgado\/wp-json\/wp\/v2\/posts\/895","targetHints":{"allow":["GET"]}}],"collection":[{"href":"https:\/\/blogs.lavozdegalicia.es\/victorsalgado\/wp-json\/wp\/v2\/posts"}],"about":[{"href":"https:\/\/blogs.lavozdegalicia.es\/victorsalgado\/wp-json\/wp\/v2\/types\/post"}],"author":[{"embeddable":true,"href":"https:\/\/blogs.lavozdegalicia.es\/victorsalgado\/wp-json\/wp\/v2\/users\/180"}],"replies":[{"embeddable":true,"href":"https:\/\/blogs.lavozdegalicia.es\/victorsalgado\/wp-json\/wp\/v2\/comments?post=895"}],"version-history":[{"count":18,"href":"https:\/\/blogs.lavozdegalicia.es\/victorsalgado\/wp-json\/wp\/v2\/posts\/895\/revisions"}],"predecessor-version":[{"id":914,"href":"https:\/\/blogs.lavozdegalicia.es\/victorsalgado\/wp-json\/wp\/v2\/posts\/895\/revisions\/914"}],"wp:attachment":[{"href":"https:\/\/blogs.lavozdegalicia.es\/victorsalgado\/wp-json\/wp\/v2\/media?parent=895"}],"wp:term":[{"taxonomy":"category","embeddable":true,"href":"https:\/\/blogs.lavozdegalicia.es\/victorsalgado\/wp-json\/wp\/v2\/categories?post=895"},{"taxonomy":"post_tag","embeddable":true,"href":"https:\/\/blogs.lavozdegalicia.es\/victorsalgado\/wp-json\/wp\/v2\/tags?post=895"}],"curies":[{"name":"wp","href":"https:\/\/api.w.org\/{rel}","templated":true}]}}