{"id":498,"date":"2009-12-16T12:28:48","date_gmt":"2009-12-16T10:28:48","guid":{"rendered":"http:\/\/blogs.lavozdegalicia.es\/victorsalgado\/?p=498"},"modified":"2009-12-16T13:32:38","modified_gmt":"2009-12-16T11:32:38","slug":"administracion-electronica-ya","status":"publish","type":"post","link":"https:\/\/blogs.lavozdegalicia.es\/victorsalgado\/2009\/12\/16\/administracion-electronica-ya\/","title":{"rendered":"\u00a1Administraci\u00f3n electr\u00f3nica ya!"},"content":{"rendered":"<p><!--StartFragment--><\/p>\n<p class=\"MsoNormal\"><strong><span>31 de diciembre de 2009<\/span><\/strong><span>. No, no es la fecha de este art\u00edculo sino la fecha l\u00edmite en la que todas las <strong>Administraciones P\u00fablicas deben estar plenamente accesibles en la Red<\/strong> para los ciudadanos.<\/span><\/p>\n<p class=\"MsoNormal\"><span>\u00bfEso que quiere decir?<\/span><\/p>\n<p class=\"MsoNormal\"><span>Pues que cualquier procedimiento o servicio (y digo bien, cualquiera) prestado por un Ayuntamiento, una Comunidad Aut\u00f3noma o un Ministerio, debe estar tambi\u00e9n disponible por medios electr\u00f3nicos.<\/span><\/p>\n<p class=\"MsoNormal\"><span>De este modo, <strong>recurrir una multa, pedir una licencia o gestionar una beca se podr\u00e1 hacer \u00edntegramente por Internet<\/strong>.<\/span><\/p>\n<p class=\"MsoNormal\"><span><img loading=\"lazy\" decoding=\"async\" class=\"aligncenter size-full wp-image-503\" src=\"https:\/\/blogs.lavozdegalicia.es\/victorsalgado\/files\/2009\/12\/oslo_queue_ww2.jpg\" alt=\"oslo_queue_ww2\" width=\"600\" height=\"428\" srcset=\"https:\/\/blogs.lavozdegalicia.es\/victorsalgado\/files\/2009\/12\/oslo_queue_ww2.jpg 600w, https:\/\/blogs.lavozdegalicia.es\/victorsalgado\/files\/2009\/12\/oslo_queue_ww2-m.jpg 300w\" sizes=\"auto, (max-width: 600px) 100vw, 600px\" \/><\/span><\/p>\n<p class=\"MsoNormal\"><span>De hecho, el <strong>art\u00edculo 6.1 de la <em>Ley 11\/2007<\/em><\/strong><em>, de 22 de junio, de acceso electr\u00f3nico de los ciudadanos a los Servicios P\u00fablicos<\/em> (Ley de Administraci\u00f3n Electr\u00f3nica &#8211; LAE) lo regula como un <strong>verdadero derecho de los ciudadanos<\/strong>:<\/span><\/p>\n<p class=\"MsoNormal\" style=\"padding-left: 30px\"><em><span>\u201cSe reconoce a los ciudadanos el <strong>derecho a relacionarse con las Administraciones P\u00fablicas utilizando medios electr\u00f3nicos<\/strong> (\u2026), as\u00ed como para obtener informaciones, realizar consultas y alegaciones, formular solicitudes, manifestar consentimiento, entablar pretensiones, efectuar pagos, realizar transacciones y oponerse a las resoluciones y actos administrativos.\u201d<\/span><\/em><\/p>\n<p class=\"MsoNormal\"><span>Entre otros, la LAE nos reconoce igualmente los siguientes derechos:<\/span><\/p>\n<p class=\"MsoNormal\" style=\"padding-left: 30px\"><span><span>1)<span> <\/span><\/span><\/span><span>A <strong>no volver a aportar los datos y documentos que ya obren en poder de las Administraciones P\u00fablicas<\/strong>.<\/span><\/p>\n<p class=\"MsoNormal\" style=\"padding-left: 30px\"><span><span>2)<span> <\/span><\/span><\/span><span>A <strong>conocer por medios electr\u00f3nicos el estado de tramitaci\u00f3n<\/strong> de los procedimientos en los que seamos interesados.<\/span><\/p>\n<p class=\"MsoNormal\" style=\"padding-left: 30px\"><span><span>3)<span> <\/span><\/span><\/span><span>A <strong>obtener copias electr\u00f3nicas de los documentos<\/strong> electr\u00f3nicos que formen parte de dichos procedimientos.<\/span><\/p>\n<p class=\"MsoNormal\"><span>\u00bfY <strong>c\u00f3mo nos podemos identificar<\/strong> ante la Administraci\u00f3n Electr\u00f3nica?<\/span><\/p>\n<p class=\"MsoNormal\"><span>Pues muy sencillo, <a href=\"https:\/\/blogs.lavozdegalicia.es\/victorsalgado\/2009\/10\/28\/firma-electronica-tu-identidad-digital-en-la-red\/\" target=\"_blank\">como ya comentamos en su d\u00eda<\/a>, <strong>mediante el uso de cualquier sistema de firma electr\u00f3nica<\/strong>: bien sea el incluido en el nuevo Documento Nacional de Identidad o cualquier otro admitido y\/o promovido por las propias Administraciones P\u00fablicas.<\/span><\/p>\n<p class=\"MsoNormal\"><strong><span>Pero seamos realistas\u2026<\/span><\/strong><\/p>\n<p class=\"MsoNormal\"><span>Aunque <a href=\"http:\/\/www.060.es\/\">se ha avanzado mucho<\/a> en el \u00e1mbito de la <a href=\"http:\/\/www.xunta.es\/servizos-de-admon-electronica\" target=\"_blank\">administraci\u00f3n electr\u00f3nica<\/a> (de hecho, por ejemplo, <a href=\"http:\/\/www.idg.es\/computerworld\/La-Agencia-Tributaria-cambia-el-chip-y-recibe-decl\/seccion-\/articulo-114733\" target=\"_blank\">la administraci\u00f3n tributaria ha sido pionera a nivel mundial en la aceptaci\u00f3n y uso de la firma electr\u00f3nica<\/a> en sus procedimientos desde 1998), lo cierto es que <strong><a href=\"http:\/\/www.tendencias21.net\/La-administracion-local-espanola-esta-retrasada-en-la-implantacion-de-las-TIC_a2404.html\" target=\"_blank\">a\u00fan estamos lejos<\/a><\/strong><strong> del ambicioso objetivo definido en la LAE<\/strong>.<\/span><\/p>\n<p class=\"MsoNormal\"><span>\u201cPero\u201d, me dir\u00e9is, \u201csi la Ley ha fijado la <strong>fecha del 31 de diciembre de 2009<\/strong> para que todo esto est\u00e9 en marcha, <strong>\u00bfno deber\u00eda cumplirse?<\/strong>\u201d.<\/span><\/p>\n<p class=\"MsoNormal\"><span>S\u00ed, es cierto, pero con matices: la <em>Disposici\u00f3n Final Tercera de la citada Ley 11\/2007 <\/em><strong>s\u00f3lo obliga al cumplimiento de dicho plazo a la Administraci\u00f3n General del Estado<\/strong> y sus organismos dependientes. En relaci\u00f3n al resto de Administraciones P\u00fablicas, dicha disposici\u00f3n regula lo siguiente:<\/span><\/p>\n<p class=\"MsoNormal\" style=\"padding-left: 30px\"><em><span>\u201c3. En el \u00e1mbito de las <strong>Comunidades Aut\u00f3nomas<\/strong> (\u2026) a partir del 31 de diciembre de 2009 <strong>siempre que lo permitan sus disponibilidades presupuestarias<\/strong>.<\/span><\/em><\/p>\n<p class=\"MsoNormal\" style=\"padding-left: 30px\"><em><span>4. En el \u00e1mbito de las <strong>Entidades que integran la Administraci\u00f3n Local<\/strong>, (\u2026) a partir del 31 de diciembre de 2009 <strong>siempre que lo permitan sus disponibilidades presupuestarias<\/strong>. A estos efectos las <strong>Diputaciones Provinciales (\u2026) podr\u00e1n prestar los servicios precisos (\u2026) en el \u00e1mbito de los municipios que no dispongan de los medios<\/strong> t\u00e9cnicos y organizativos necesarios para prestarlos.\u201d<\/span><\/em><\/p>\n<p class=\"MsoNormal\"><span>Obviamente, el requisito de <strong>la disponibilidad presupuestaria es una excusa propiciatoria<\/strong> para la administraci\u00f3n local y auton\u00f3mica <strong>y m\u00e1s en \u00e9poca de crisis<\/strong>. <\/span><\/p>\n<p class=\"MsoNormal\"><span>Sin embargo, esto no debe de ser un impedimento para el desarrollo y plena implantaci\u00f3n de la administraci\u00f3n electr\u00f3nica. M\u00e1s bien al contrario ya que <strong>la digitalizaci\u00f3n de documentos y el uso generalizado de Internet en los procedimientos administrativos conllevar\u00e1 un importante ahorro del gasto p\u00fablico<\/strong> (<a href=\"https:\/\/blogs.lavozdegalicia.es\/victorsalgado\/2009\/11\/18\/es-posible-acabar-con-el-papel\/\" target=\"_blank\">menos papel, menos locales destinados a archivo<\/a>, menos costes de transporte, burocracia m\u00e1s ligera, tr\u00e1mites automatizados que reducir\u00e1n los gastos extra de personal, y un largo etc\u00e9tera).<\/span><\/p>\n<p class=\"MsoNormal\"><span>Ello <strong>sin hablar de los enormes beneficios para el ciudadano<\/strong>:\u00a0 <!--StartFragment--><span>menos gastos en desplazamientos (muchas veces in\u00fatiles) y correveidiles de una ventanilla a otra;<span> <\/span>ahorro de tiempo derrochado en esperas de interminables colas; evitar el \u201cvuelva usted ma\u00f1ana\u201d con horarios amplios para presentar una solicitud o un documento a las 12:00 de un domingo;<\/span><!--EndFragment--> m\u00e1s comodidad, etc.<\/span><\/p>\n<p class=\"MsoNormal\"><span>Por todo ello, <strong>creo que ya ha llegado la hora de decir bien alto: \u00a1Administraci\u00f3n Electr\u00f3nica ya!<\/strong><\/span><\/p>\n<p><!--EndFragment--><\/p>\n","protected":false},"excerpt":{"rendered":"<p>31 de diciembre de 2009 es la fecha en que todas las Administraciones P\u00fablicas deben estar plenamente accesibles en la Red. As\u00ed, recurrir una multa, pedir una licencia o gestionar una beca se podr\u00e1 hacer \u00edntegramente por Internet.<br \/>\nEl art\u00edculo 6.1 de la Ley 11\/2007 lo reconoce un verdadero derecho de los ciudadanos as\u00ed como el de no volver a aportar los datos y documentos que ya obren en poder de las Administraciones P\u00fablicas, conocer por medios electr\u00f3nicos el estado de tramitaci\u00f3n de nuestros expedientes y obtener copias electr\u00f3nicas de los documentos administrativos.<br \/>\nPara ello, nos podremos identificar mediante el uso de cualquier sistema de firma electr\u00f3nica.<br \/>\nSin embargo, a\u00fan estamos lejos del ambicioso objetivo definido en la LAE de cumplirlo a fecha de 31 de diciembre de 2009. La LAE s\u00f3lo obliga al cumplimiento de dicho plazo a la Administraci\u00f3n General del Estado, el resto lo supedita a la disponibilidad presupuestaria que es una excusa propiciatoria<br \/>\ny m\u00e1s en \u00e9poca de crisis.<br \/>\nSin embargo, la digitalizaci\u00f3n de documentos y el uso generalizado de Internet en los procedimientos administrativos conllevar\u00e1 un importante ahorro del gasto p\u00fablico, sin hablar de los enormes beneficios para el ciudadano.<br \/>\nPor ello, creo que ya ha llegado la hora de decir bien alto: \u00a1Administraci\u00f3n Electr\u00f3nica ya!<\/p>\n","protected":false},"author":180,"featured_media":0,"comment_status":"open","ping_status":"open","sticky":false,"template":"","format":"standard","meta":{"ngg_post_thumbnail":0,"footnotes":""},"categories":[7840,7570],"tags":[247883,7572,7839,8088,7571,247882,8089,3310,6925],"class_list":["post-498","post","type-post","status-publish","format-standard","hentry","category-administracion-electronica","category-firma-electronica","tag-administracion-electronica","tag-dni","tag-documento-electronico","tag-e-government","tag-firma-digital","tag-firma-electronica","tag-lae","tag-ley","tag-papel"],"aioseo_notices":[],"_links":{"self":[{"href":"https:\/\/blogs.lavozdegalicia.es\/victorsalgado\/wp-json\/wp\/v2\/posts\/498","targetHints":{"allow":["GET"]}}],"collection":[{"href":"https:\/\/blogs.lavozdegalicia.es\/victorsalgado\/wp-json\/wp\/v2\/posts"}],"about":[{"href":"https:\/\/blogs.lavozdegalicia.es\/victorsalgado\/wp-json\/wp\/v2\/types\/post"}],"author":[{"embeddable":true,"href":"https:\/\/blogs.lavozdegalicia.es\/victorsalgado\/wp-json\/wp\/v2\/users\/180"}],"replies":[{"embeddable":true,"href":"https:\/\/blogs.lavozdegalicia.es\/victorsalgado\/wp-json\/wp\/v2\/comments?post=498"}],"version-history":[{"count":18,"href":"https:\/\/blogs.lavozdegalicia.es\/victorsalgado\/wp-json\/wp\/v2\/posts\/498\/revisions"}],"predecessor-version":[{"id":515,"href":"https:\/\/blogs.lavozdegalicia.es\/victorsalgado\/wp-json\/wp\/v2\/posts\/498\/revisions\/515"}],"wp:attachment":[{"href":"https:\/\/blogs.lavozdegalicia.es\/victorsalgado\/wp-json\/wp\/v2\/media?parent=498"}],"wp:term":[{"taxonomy":"category","embeddable":true,"href":"https:\/\/blogs.lavozdegalicia.es\/victorsalgado\/wp-json\/wp\/v2\/categories?post=498"},{"taxonomy":"post_tag","embeddable":true,"href":"https:\/\/blogs.lavozdegalicia.es\/victorsalgado\/wp-json\/wp\/v2\/tags?post=498"}],"curies":[{"name":"wp","href":"https:\/\/api.w.org\/{rel}","templated":true}]}}