{"id":2339,"date":"2023-06-16T08:05:30","date_gmt":"2023-06-16T07:05:30","guid":{"rendered":"https:\/\/blogs.lavozdegalicia.es\/victorsalgado\/?p=2339"},"modified":"2023-06-15T14:06:12","modified_gmt":"2023-06-15T13:06:12","slug":"la-ley-europea-sobre-ia-un-paso-mas-cerca","status":"publish","type":"post","link":"https:\/\/blogs.lavozdegalicia.es\/victorsalgado\/2023\/06\/16\/la-ley-europea-sobre-ia-un-paso-mas-cerca\/","title":{"rendered":"La Ley europea sobre IA, un paso m\u00e1s cerca"},"content":{"rendered":"<p style=\"font-weight: 400\">Toca hablar de nuevo de inteligencia artificial, cuya revoluci\u00f3n estamos viviendo en primera persona y <strong>cuya regulaci\u00f3n se hace cada vez m\u00e1s necesaria<\/strong>. En el blog, hemos hablado de <a href=\"https:\/\/blogs.lavozdegalicia.es\/victorsalgado\/2022\/06\/13\/inteligencia-artificial-a-regulacion-en-la-ue\/\">su regulaci\u00f3n en ciernes<\/a>, de los <a href=\"https:\/\/blogs.lavozdegalicia.es\/victorsalgado\/2017\/03\/17\/derechos-humanos-e-inteligencia-artificial-leyes-de-la-robotica-en-la-ue\/\">derechos humanos ante la IA<\/a>\u00a0y del <a href=\"https:\/\/blogs.lavozdegalicia.es\/victorsalgado\/2022\/10\/17\/el-copyright-de-la-inteligencia-artificial\/\">copyright aplicado a la IA<\/a>, entre otros temas.<\/p>\n<p style=\"font-weight: 400\">La noticia de esta semana ha sido la <strong>aprobaci\u00f3n del texto inicial de la futura Ley de inteligencia artificial para Europa<\/strong>: el <a href=\"https:\/\/eur-lex.europa.eu\/legal-content\/ES\/TXT\/?uri=COM:2021:206:FIN\">Reglamento (UE) por el que se establecen normas armonizadas en materia de IA.<\/a><\/p>\n<p style=\"font-weight: 400\"><img loading=\"lazy\" decoding=\"async\" class=\"aligncenter size-large wp-image-2341\" src=\"https:\/\/blogs.lavozdegalicia.es\/victorsalgado\/files\/2023\/06\/regulation-3246979_1280-1024x480.jpg\" alt=\"\" width=\"1024\" height=\"480\" srcset=\"https:\/\/blogs.lavozdegalicia.es\/victorsalgado\/files\/2023\/06\/regulation-3246979_1280-1024x480.jpg 1024w, https:\/\/blogs.lavozdegalicia.es\/victorsalgado\/files\/2023\/06\/regulation-3246979_1280-300x141.jpg 300w, https:\/\/blogs.lavozdegalicia.es\/victorsalgado\/files\/2023\/06\/regulation-3246979_1280-768x360.jpg 768w, https:\/\/blogs.lavozdegalicia.es\/victorsalgado\/files\/2023\/06\/regulation-3246979_1280-1080x506.jpg 1080w, https:\/\/blogs.lavozdegalicia.es\/victorsalgado\/files\/2023\/06\/regulation-3246979_1280.jpg 1280w\" sizes=\"auto, (max-width: 1024px) 100vw, 1024px\" \/><\/p>\n<p style=\"font-weight: 400\">En efecto, el <strong>Parlamento Europeo adopt\u00f3 el 14 de junio de 2023 su posici\u00f3n sobre esta importante norma<\/strong> con una mayor\u00eda aplastante con 499 votos a favor, 28 en contra y 93 abstenciones, tiene como objetivo establecer una base s\u00f3lida para el desarrollo y la implementaci\u00f3n de la IA, con un enfoque particular en los derechos y valores europeos.<\/p>\n<p style=\"font-weight: 400\">Ante ello, es importante desglosar y reflexionar brevemente sobre esta innovadora normativa.<\/p>\n<p style=\"font-weight: 400\">En primer lugar, la ley destaca la necesidad de marcar los l\u00edmites del uso de la IA en ciertas \u00e1reas sensibles. Propone una <strong>prohibici\u00f3n absoluta de la IA para la vigilancia biom\u00e9trica, el reconocimiento de emociones y los sistemas policiales predictivos<\/strong>, a fin de preservar la privacidad y prevenir potenciales abusos. Este aspecto refleja un compromiso con los derechos fundamentales, una piedra angular de la legislaci\u00f3n europea.<\/p>\n<p style=\"font-weight: 400\">Adem\u00e1s, la ley aborda la <strong>obligaci\u00f3n de etiquetar e informar claramente sobre el uso de sistemas generativos de IA, como ChatGPT o Midjourney, en la creaci\u00f3n de contenido<\/strong>. Esto es crucial para la transparencia y el consentimiento informado, y constituye un s\u00f3lido avance en la direcci\u00f3n correcta para asegurar la integridad y confiabilidad de la comunicaci\u00f3n digital.<\/p>\n<p style=\"font-weight: 400\">La ley tambi\u00e9n atiende una preocupaci\u00f3n creciente en el \u00e1mbito de la democracia digital: el uso de <strong>sistemas de IA para influir en los votantes durante las elecciones<\/strong>. Al considerar estos sistemas de <strong>alto riesgo<\/strong>, estando fiscalizados y debiendo cumplir garant\u00edas adicionales, la normativa subraya la importancia de proteger la integridad de los procesos electorales. Algo que <a href=\"https:\/\/hipertextual.com\/2018\/03\/que-es-cambridge-analytica\">ya hemos vivido con el caso de Cambrigde Analytica<\/a>.<\/p>\n<p style=\"font-weight: 400\">El texto legislativo adoptado tambi\u00e9n <strong>se enfrenta a los sistemas de puntuaci\u00f3n social y de categorizaci\u00f3n biom\u00e9trica, proponiendo su prohibici\u00f3n<\/strong>. Estas tecnolog\u00edas representan una clara intrusi\u00f3n en la autonom\u00eda personal y pueden tener implicaciones discriminatorias, por lo que su restricci\u00f3n es un paso esencial para garantizar el respeto de los derechos humanos en la era digital.<\/p>\n<p style=\"font-weight: 400\">No obstante, la normativa no ignora el valor y la importancia de la innovaci\u00f3n y el desarrollo en el campo de la IA. En este sentido, <strong>se incluyen excepciones<\/strong> para los proyectos de investigaci\u00f3n y se promueven espacios de prueba para las empresas bajo supervisi\u00f3n de las autoridades p\u00fablicas. As\u00ed, se encuentra un equilibrio entre protecci\u00f3n de derechos y avance tecnol\u00f3gico.<\/p>\n<p style=\"font-weight: 400\">La Ley de Inteligencia Artificial tambi\u00e9n propone <strong>fortalecer el papel de la Oficina Europea de Inteligencia Artificial<\/strong>, encargada de supervisar la aplicaci\u00f3n de este nuevo marco legal. Esto implica una supervisi\u00f3n continua y efectiva de los sistemas de IA, esencial para garantizar que la normativa se aplique y evolucione en sinton\u00eda con los avances tecnol\u00f3gicos.<\/p>\n<p style=\"font-weight: 400\">Por todo ello, la propuesta de Ley de Inteligencia Artificial aprobada por el Parlamento Europeo es un paso importante hacia un futuro en el que esta importante tecnolog\u00eda y la humanidad puedan coexistir en armon\u00eda. Esta ley encarna una visi\u00f3n en la que la IA, si se regula y se supervisa de manera efectiva, puede ser una herramienta poderosa para el progreso, sin comprometer los valores y derechos fundamentales de nuestra sociedad.<\/p>\n<p style=\"font-weight: 400\">El pr\u00f3ximo paso ser\u00e1 el inicio de negociaciones entre el Parlamento Europeo y el Consejo para consensuar la norma final. Este proceso ha dado comienzo ya.<\/p>\n<p style=\"font-weight: 400\">De momento, podemos consultar ya aqu\u00ed el <a href=\"https:\/\/www.europarl.europa.eu\/doceo\/document\/TA-9-2023-0236_ES.pdf\">texto que se ha aprobado<\/a>.<\/p>\n<p style=\"font-weight: 400\">\u00a1Seguiremos atentos!<\/p>\n<p>&nbsp;<\/p>\n<p>Publicado originalmente en: <a href=\"https:\/\/pintos-salgado.com\/2023\/06\/15\/la-ley-europea-sobre-ia-un-paso-mas-cerca\/\">https:\/\/pintos-salgado.com\/2023\/06\/15\/la-ley-europea-sobre-ia-un-paso-mas-cerca\/\u00a0<\/a><\/p>\n","protected":false},"excerpt":{"rendered":"<p>Toca hablar de nuevo de inteligencia artificial, cuya revoluci\u00f3n estamos viviendo en primera persona y cuya regulaci\u00f3n se hace cada vez m\u00e1s necesaria. En el blog, hemos hablado de su regulaci\u00f3n en ciernes, de los derechos humanos ante la IA\u00a0y del copyright aplicado a la IA, entre otros temas. La noticia de esta semana ha [&hellip;]<\/p>\n","protected":false},"author":180,"featured_media":2341,"comment_status":"open","ping_status":"open","sticky":false,"template":"","format":"standard","meta":{"ngg_post_thumbnail":0,"footnotes":""},"categories":[1],"tags":[247945,247931,247949,247946,247895,247892,3310,247921,247948,247947],"class_list":["post-2339","post","type-post","status-publish","format-standard","has-post-thumbnail","hentry","category-general","tag-ai-act","tag-chatgpt","tag-consejo","tag-derechos","tag-ia","tag-inteligencia-artificial","tag-ley","tag-midjourney","tag-parlamento-europeo","tag-ue"],"aioseo_notices":[],"_links":{"self":[{"href":"https:\/\/blogs.lavozdegalicia.es\/victorsalgado\/wp-json\/wp\/v2\/posts\/2339","targetHints":{"allow":["GET"]}}],"collection":[{"href":"https:\/\/blogs.lavozdegalicia.es\/victorsalgado\/wp-json\/wp\/v2\/posts"}],"about":[{"href":"https:\/\/blogs.lavozdegalicia.es\/victorsalgado\/wp-json\/wp\/v2\/types\/post"}],"author":[{"embeddable":true,"href":"https:\/\/blogs.lavozdegalicia.es\/victorsalgado\/wp-json\/wp\/v2\/users\/180"}],"replies":[{"embeddable":true,"href":"https:\/\/blogs.lavozdegalicia.es\/victorsalgado\/wp-json\/wp\/v2\/comments?post=2339"}],"version-history":[{"count":4,"href":"https:\/\/blogs.lavozdegalicia.es\/victorsalgado\/wp-json\/wp\/v2\/posts\/2339\/revisions"}],"predecessor-version":[{"id":2344,"href":"https:\/\/blogs.lavozdegalicia.es\/victorsalgado\/wp-json\/wp\/v2\/posts\/2339\/revisions\/2344"}],"wp:featuredmedia":[{"embeddable":true,"href":"https:\/\/blogs.lavozdegalicia.es\/victorsalgado\/wp-json\/wp\/v2\/media\/2341"}],"wp:attachment":[{"href":"https:\/\/blogs.lavozdegalicia.es\/victorsalgado\/wp-json\/wp\/v2\/media?parent=2339"}],"wp:term":[{"taxonomy":"category","embeddable":true,"href":"https:\/\/blogs.lavozdegalicia.es\/victorsalgado\/wp-json\/wp\/v2\/categories?post=2339"},{"taxonomy":"post_tag","embeddable":true,"href":"https:\/\/blogs.lavozdegalicia.es\/victorsalgado\/wp-json\/wp\/v2\/tags?post=2339"}],"curies":[{"name":"wp","href":"https:\/\/api.w.org\/{rel}","templated":true}]}}