{"id":2279,"date":"2022-07-15T09:21:29","date_gmt":"2022-07-15T08:21:29","guid":{"rendered":"http:\/\/blogs.lavozdegalicia.es\/victorsalgado\/?p=2279"},"modified":"2022-07-15T09:47:08","modified_gmt":"2022-07-15T08:47:08","slug":"ley-de-servicios-digitales-dsa-y-ley-de-mercados-digitales-dma","status":"publish","type":"post","link":"https:\/\/blogs.lavozdegalicia.es\/victorsalgado\/2022\/07\/15\/ley-de-servicios-digitales-dsa-y-ley-de-mercados-digitales-dma\/","title":{"rendered":"Ley de Servicios Digitales (DSA) y Ley de Mercados Digitales (DMA)"},"content":{"rendered":"<p style=\"font-weight: 400\">El 5 de julio de 2022 pasar\u00e1 a la historia del Derecho TIC en Europa.Ese d\u00eda, el Parlamento Europeo dio su el visto bueno definitivo a dos importantes normas denominadas popularmente como la <a href=\"https:\/\/www.europarl.europa.eu\/doceo\/document\/TA-9-2022-0269_ES.html#title2\">Ley de Servicios Digitales<\/a> (DSA en ingl\u00e9s) y la <a href=\"https:\/\/www.europarl.europa.eu\/doceo\/document\/TA-9-2022-0270_ES.html#title2\">Ley de Mercados Digitales<\/a> (DMA en dicha lengua), tras haber sido <a href=\"https:\/\/www.consilium.europa.eu\/es\/press\/press-releases\/2022\/04\/23\/digital-services-act-council-and-european-parliament-reach-deal-on-a-safer-online-space\/\">consensuadas entre el propio Parlamento y el Consejo el 23 de abril<\/a> y el <a href=\"https:\/\/www.consilium.europa.eu\/es\/press\/press-releases\/2022\/03\/25\/council-and-european-parliament-reach-agreement-on-the-digital-markets-act\/\">24 de marzo de 2022<\/a>, respectivamente.<\/p>\n<p style=\"font-weight: 400\"><img loading=\"lazy\" decoding=\"async\" class=\"aligncenter size-large wp-image-2274\" src=\"https:\/\/blogs.lavozdegalicia.es\/victorsalgado\/files\/2022\/07\/regulation-gc3ae85b2a_1280-1024x480.jpg\" alt=\"\" width=\"1024\" height=\"480\" srcset=\"https:\/\/blogs.lavozdegalicia.es\/victorsalgado\/files\/2022\/07\/regulation-gc3ae85b2a_1280-1024x480.jpg 1024w, https:\/\/blogs.lavozdegalicia.es\/victorsalgado\/files\/2022\/07\/regulation-gc3ae85b2a_1280-300x141.jpg 300w, https:\/\/blogs.lavozdegalicia.es\/victorsalgado\/files\/2022\/07\/regulation-gc3ae85b2a_1280-768x360.jpg 768w, https:\/\/blogs.lavozdegalicia.es\/victorsalgado\/files\/2022\/07\/regulation-gc3ae85b2a_1280-1080x506.jpg 1080w, https:\/\/blogs.lavozdegalicia.es\/victorsalgado\/files\/2022\/07\/regulation-gc3ae85b2a_1280.jpg 1280w\" sizes=\"auto, (max-width: 1024px) 100vw, 1024px\" \/><\/p>\n<p style=\"font-weight: 400\">No exageramos si decimos que estas dos normas marcar\u00e1n el futuro de Internet y redefinir\u00e1n, esperemos que para mejor, <a href=\"https:\/\/ec.europa.eu\/commission\/presscorner\/detail\/en\/STATEMENT_22_4327\">el funcionamiento de los servicios y negocios que todos utilizamos en nuestro acceso a la Red<\/a>.<\/p>\n<p style=\"font-weight: 400\">De hecho, podemos denominar a estas normas como el nuevo C\u00f3digo Digital de la UE, seg\u00fan <a href=\"https:\/\/www.europarl.europa.eu\/news\/es\/press-room\/20220701IPR34364\/dos-leyes-historicas-para-unos-servicios-digitales-mas-seguros-y-abiertos\">se refiere el propio Parlamento Europeo en su nota de prensa<\/a>.<\/p>\n<p style=\"font-weight: 400\"><strong>\u00bfCu\u00e1les son dichas normas?<\/strong><\/p>\n<p style=\"font-weight: 400\">A pesar de su nombre de \u201cLey\u201d, en realidad ser\u00e1n \u201cReglamentos\u201d para el Derecho de la UE. En concreto, la DSA ser\u00e1 el <em><a href=\"https:\/\/eur-lex.europa.eu\/legal-content\/ES\/TXT\/?uri=CELEX:52020PC0825\">Reglamento del Parlamento Europeo y del Consejo relativo a un mercado \u00fanico de servicios digitales (Ley de servicios digitales) y por el que se modifica la Directiva 2000\/31\/CE<\/a><\/em> y la DMA, el <em><a href=\"https:\/\/eur-lex.europa.eu\/legal-content\/es\/TXT\/?uri=COM:2020:842:FIN\">Reglamento del Parlamento Europeo y del Consejo sobre mercados digitales disputables y equitativos en el sector digital (Ley de Mercados Digitales)<\/a><\/em>.<\/p>\n<p style=\"font-weight: 400\">B\u00e1sicamente, un Reglamento es un tipo de norma europea que se aplicar\u00e1 directamente a todos los ciudadanos y entidades de la UE una vez entre en vigor mientras que una Directiva s\u00f3lo funciona como una \u201cnorma marco\u201d que debe ser transpuesta mediante una ley nacional adoptada en cada uno de los Estados Miembros, como en el caso de Espa\u00f1a, para que nos vincule jur\u00eddicamente a todos.<\/p>\n<p style=\"font-weight: 400\">Al depender de cada pa\u00eds, la UE ha observado como cada ley de transposici\u00f3n puede diferir en detalles importantes respecto a otros pa\u00edses y, por tanto, crear problemas de falta de armonizaci\u00f3n y disparidad de interpretaciones y aplicaciones, en particular, en \u00e1reas tan sensibles y globales como la de la tecnolog\u00eda e Internet.<\/p>\n<p style=\"font-weight: 400\">Es por ello que, como en el caso del <a href=\"https:\/\/eur-lex.europa.eu\/legal-content\/ES\/LSU\/?uri=CELEX:32014R0910\">Reglamento eIDAS<\/a> o en el del <a href=\"https:\/\/www.boe.es\/buscar\/doc.php?id=DOUE-L-2016-80807\">Reglamento General de Protecci\u00f3n de Datos (RGPD)<\/a>, en el \u00e1mbito digital se est\u00e1 optando en la Uni\u00f3n Europea por legislar con esta f\u00f3rmula legal y no con la de Directiva, como se hac\u00eda anteriormente.<\/p>\n<p style=\"font-weight: 400\">As\u00ed, a la espera de su r\u00fabrica final por el Consejo que se producir\u00e1 entre este mes y septiembre de 2022, estos Reglamentos entrar\u00e1n directamente en aplicaci\u00f3n, sin m\u00e1s esperas ni adaptaciones legales nacionales, a los 20 d\u00edas de su publicaci\u00f3n en el Diario de la Uni\u00f3n Europea.<\/p>\n<p><span style=\"font-weight: 400\">Esperamos ansiosos.<\/span><\/p>\n<p>&nbsp;<\/p>\n<p>Publicado originalmente en: <a href=\"https:\/\/pintos-salgado.com\/2022\/07\/14\/ley-de-servicios-digitales-dsa-y-ley-de-mercados-digitales-dma\/\">https:\/\/pintos-salgado.com\/2022\/07\/14\/ley-de-servicios-digitales-dsa-y-ley-de-mercados-digitales-dma\/<\/a><\/p>\n","protected":false},"excerpt":{"rendered":"<p>El 5 de julio de 2022 pasar\u00e1 a la historia del Derecho TIC en Europa.Ese d\u00eda, el Parlamento Europeo dio su el visto bueno definitivo a dos importantes normas denominadas popularmente como la Ley de Servicios Digitales (DSA en ingl\u00e9s) y la Ley de Mercados Digitales (DMA en dicha lengua), tras haber sido consensuadas entre [&hellip;]<\/p>\n","protected":false},"author":180,"featured_media":2274,"comment_status":"open","ping_status":"open","sticky":false,"template":"","format":"standard","meta":{"ngg_post_thumbnail":0,"footnotes":""},"categories":[7085,1],"tags":[211605,7125,247916,247917,247918],"class_list":["post-2279","post","type-post","status-publish","format-standard","has-post-thumbnail","hentry","category-comercio-electronico","category-general","tag-derecho-digital","tag-directiva","tag-dma","tag-dsa","tag-reglamento-ue"],"aioseo_notices":[],"_links":{"self":[{"href":"https:\/\/blogs.lavozdegalicia.es\/victorsalgado\/wp-json\/wp\/v2\/posts\/2279","targetHints":{"allow":["GET"]}}],"collection":[{"href":"https:\/\/blogs.lavozdegalicia.es\/victorsalgado\/wp-json\/wp\/v2\/posts"}],"about":[{"href":"https:\/\/blogs.lavozdegalicia.es\/victorsalgado\/wp-json\/wp\/v2\/types\/post"}],"author":[{"embeddable":true,"href":"https:\/\/blogs.lavozdegalicia.es\/victorsalgado\/wp-json\/wp\/v2\/users\/180"}],"replies":[{"embeddable":true,"href":"https:\/\/blogs.lavozdegalicia.es\/victorsalgado\/wp-json\/wp\/v2\/comments?post=2279"}],"version-history":[{"count":3,"href":"https:\/\/blogs.lavozdegalicia.es\/victorsalgado\/wp-json\/wp\/v2\/posts\/2279\/revisions"}],"predecessor-version":[{"id":2282,"href":"https:\/\/blogs.lavozdegalicia.es\/victorsalgado\/wp-json\/wp\/v2\/posts\/2279\/revisions\/2282"}],"wp:featuredmedia":[{"embeddable":true,"href":"https:\/\/blogs.lavozdegalicia.es\/victorsalgado\/wp-json\/wp\/v2\/media\/2274"}],"wp:attachment":[{"href":"https:\/\/blogs.lavozdegalicia.es\/victorsalgado\/wp-json\/wp\/v2\/media?parent=2279"}],"wp:term":[{"taxonomy":"category","embeddable":true,"href":"https:\/\/blogs.lavozdegalicia.es\/victorsalgado\/wp-json\/wp\/v2\/categories?post=2279"},{"taxonomy":"post_tag","embeddable":true,"href":"https:\/\/blogs.lavozdegalicia.es\/victorsalgado\/wp-json\/wp\/v2\/tags?post=2279"}],"curies":[{"name":"wp","href":"https:\/\/api.w.org\/{rel}","templated":true}]}}