{"id":2205,"date":"2018-01-12T09:15:38","date_gmt":"2018-01-12T08:15:38","guid":{"rendered":"http:\/\/blogs.lavozdegalicia.es\/victorsalgado\/?p=2205"},"modified":"2018-01-11T14:21:59","modified_gmt":"2018-01-11T13:21:59","slug":"derechos-fundamentales-en-grupos-de-whatsapp","status":"publish","type":"post","link":"https:\/\/blogs.lavozdegalicia.es\/victorsalgado\/2018\/01\/12\/derechos-fundamentales-en-grupos-de-whatsapp\/","title":{"rendered":"Derechos fundamentales en grupos de WhatsApp"},"content":{"rendered":"<p>Vivimos en una Sociedad 2.0. Internet ha supuesto una verdadera revoluci\u00f3n en nuestras vidas. El modo en que trabajamos, nos comunicamos y disfrutamos de nuestro tiempo de ocio tiene un antes y un despu\u00e9s desde la aparici\u00f3n de la Red de redes.<\/p>\n<p><img loading=\"lazy\" decoding=\"async\" class=\"aligncenter size-large wp-image-2206\" src=\"https:\/\/blogs.lavozdegalicia.es\/victorsalgado\/files\/2018\/01\/IMG_0051-1024x683.jpg\" alt=\"\" width=\"1024\" height=\"683\" srcset=\"https:\/\/blogs.lavozdegalicia.es\/victorsalgado\/files\/2018\/01\/IMG_0051-1024x683.jpg 1024w, https:\/\/blogs.lavozdegalicia.es\/victorsalgado\/files\/2018\/01\/IMG_0051-300x200.jpg 300w, https:\/\/blogs.lavozdegalicia.es\/victorsalgado\/files\/2018\/01\/IMG_0051-768x512.jpg 768w, https:\/\/blogs.lavozdegalicia.es\/victorsalgado\/files\/2018\/01\/IMG_0051.jpg 1920w\" sizes=\"auto, (max-width: 1024px) 100vw, 1024px\" \/>Pero lo cierto es que la propia Red est\u00e1 cambiando y evolucionando a una gran velocidad ante nosotros. Poco tiene que ver la Internet de hoy con la que nos empez\u00f3 a llegar a nuestros hogares y trabajos all\u00e1 por mediados de los 90.<\/p>\n<p>Entonces, unos pocos expertos \u201cprivilegiados\u201d eran los creadores de contenidos mediante el manejo de oscuros y complicados lenguajes de programaci\u00f3n como el propio HTML y la gran mayor\u00eda de internautas nos limit\u00e1bamos a \u201cconsumir\u201d dichos contenidos con una casi ninguna o nula participaci\u00f3n en los mismos.<\/p>\n<p>Hoy en d\u00eda, sin embargo, estamos inmersos en el fen\u00f3meno de la Web 2.0, donde todos somos creadores de contenidos para la Red gracias a la enorme simplificaci\u00f3n de las herramientas de publicaci\u00f3n y edici\u00f3n online. Fen\u00f3menos como el de los Blogs, los foros de opini\u00f3n y las webs de im\u00e1genes y v\u00eddeos publicados por los usuarios o las propias redes sociales y Apps de mensajer\u00eda son muy recientes (Youtube, por ejemplo, data s\u00f3lo de febrero de 2005 y la propia WhatsApp, de 2009) y han supuesto una nueva revoluci\u00f3n tanto dentro de la Red como, muy especialmente, fuera de ella.<\/p>\n<p>Toda esta revoluci\u00f3n, cada vez m\u00e1s acelerada, tiene un denominador com\u00fan: el riesgo para nuestros derechos personales va en aumento y cada vez se ven m\u00e1s y m\u00e1s comprometidos: derechos como nuestra intimidad, nuestra privacidad o nuestro honor est\u00e1n mucho m\u00e1s amenazados en esta nueva realidad.<\/p>\n<p>La palabra \u201chonor\u201d parece un poco trasnochada. Sin embargo, es algo plenamente vigente en nuestra sociedad (y m\u00e1s desde que existen las nuevas tecnolog\u00edas).<\/p>\n<p>El derecho al honor es un derecho fundamental, reconocido en el art\u00edculo 18.1 de nuestra Constituci\u00f3n, que protege tanto la dignidad como la reputaci\u00f3n de una persona en la sociedad.<\/p>\n<p>Con el auge de Internet, \u00e9ste es uno de los derechos m\u00e1s atacados hoy en d\u00eda. Frecuentemente se publican comentarios o informaciones sobre personas que las insultan o las acusan de hechos que, en muchas ocasiones, resultan inciertos y que menoscaban su imagen p\u00fablica y su, no menos importante, autoestima personal.<\/p>\n<p>Bien es cierto que, en nuestra vida diaria y tambi\u00e9n en la Red, nuestros comentarios est\u00e1n protegidos por la libertad de expresi\u00f3n y de informaci\u00f3n, recogida igualmente en el art\u00edculo 20 de nuestra Constituci\u00f3n. Esto significa que toda persona tiene derecho a expresar libremente su opini\u00f3n y a informar y ser informado sobre cualquier asunto sin que, en ning\u00fan caso, se pueda establecer una censura previa.<\/p>\n<p>Sin embargo, esta libertad tiene claramente un l\u00edmite que es, en primer lugar, la propia veracidad de lo informado (algo a tener muy en cuenta en el actual mundo de la \u201cpost-verdad\u201d) y, en segundo lugar y no menos importante, los derechos fundamentales ajenos, como la intimidad personal y familiar o el ya comentado derecho al honor.<\/p>\n<p><strong>\u00bfQu\u00e9 sucede con WhatsApp?<\/strong><\/p>\n<p>Sin duda, siempre ha habido rumores, chismorreos y comentarios de toda suerte e \u00edndole sobre terceras personas y situaciones. Somos un pa\u00eds muy comunicativo y pasional, para bien y para mal y, desde luego, el \u201ccole\u201d no es una excepci\u00f3n. \u00bfQui\u00e9n no ha escuchado o participado en alg\u00fan cotilleo o cr\u00edtica al profesor, padre o alumno de turno? Entonces, \u00bfQu\u00e9 ha cambiado?<\/p>\n<p>Muy sencillo. Los viejos comentarios y chismes \u201cde pasillo\u201d quedaban, generalmente, ah\u00ed. No quedaba un rastro y, sobre todo, no ten\u00edan una trascendencia m\u00e1s all\u00e1 de las pocas personas presentes.<\/p>\n<p>Con las nuevas tecnolog\u00edas, todo esto ha cambiado. Esas antiguas charlas de corrillo se trasladan ahora a una poderosa herramienta como WhatsApp que no s\u00f3lo permite que dichos comentarios queden por escrito, sino que alcancen una mayor audiencia que anta\u00f1o y con m\u00e1s impacto. Tenemos un gran poder y, por tanto, mucha m\u00e1s responsabilidad por nuestros actos.<\/p>\n<p>No debemos expresarnos en la Red como hacemos en nuestras conversaciones privadas. Lo dec\u00eda claro Virginia Shea en su libro \u201cNetiquette\u201d, de 1994, que resum\u00eda las primeras leyes de comportamiento de una incipiente Internet: La primera era \u201cNunca olvide que la persona que lee el mensaje es en efecto humana con sentimientos que pueden ser lastimados\u201d. Una regla que deber\u00eda encabezar todo grupo de WhatsApp.<\/p>\n<p>&nbsp;<\/p>\n<p>Publicado originalmente en: <a href=\"https:\/\/pintos-salgado.com\/2018\/01\/12\/derechos-fundamentales-en-grupos-de-whatsapp\/\">https:\/\/pintos-salgado.com\/2018\/01\/12\/derechos-fundamentales-en-grupos-de-whatsapp\/ <\/a><\/p>\n","protected":false},"excerpt":{"rendered":"<p>Sin duda, siempre ha habido rumores, chismorreos y comentarios de toda suerte e \u00edndole sobre terceras personas y situaciones. Somos un pa\u00eds muy comunicativo y pasional, para bien y para mal y, desde luego, el \u201ccole\u201d no es una excepci\u00f3n. \u00bfQui\u00e9n no ha escuchado o participado en alg\u00fan cotilleo o cr\u00edtica al profesor, padre o alumno de turno? Entonces, \u00bfQu\u00e9 ha cambiado?<\/p>\n","protected":false},"author":180,"featured_media":2206,"comment_status":"open","ping_status":"open","sticky":false,"template":"","format":"standard","meta":{"ngg_post_thumbnail":0,"footnotes":""},"categories":[1,7927,7122],"tags":[10981,7926,5299,247884,230197],"class_list":["post-2205","post","type-post","status-publish","format-standard","has-post-thumbnail","hentry","category-general","category-libertad-de-informacion","category-proteccion-de-datos","tag-derecho-al-honor","tag-honor","tag-libertad-de-expresion","tag-libertad-de-informacion","tag-whatsapp"],"aioseo_notices":[],"_links":{"self":[{"href":"https:\/\/blogs.lavozdegalicia.es\/victorsalgado\/wp-json\/wp\/v2\/posts\/2205","targetHints":{"allow":["GET"]}}],"collection":[{"href":"https:\/\/blogs.lavozdegalicia.es\/victorsalgado\/wp-json\/wp\/v2\/posts"}],"about":[{"href":"https:\/\/blogs.lavozdegalicia.es\/victorsalgado\/wp-json\/wp\/v2\/types\/post"}],"author":[{"embeddable":true,"href":"https:\/\/blogs.lavozdegalicia.es\/victorsalgado\/wp-json\/wp\/v2\/users\/180"}],"replies":[{"embeddable":true,"href":"https:\/\/blogs.lavozdegalicia.es\/victorsalgado\/wp-json\/wp\/v2\/comments?post=2205"}],"version-history":[{"count":5,"href":"https:\/\/blogs.lavozdegalicia.es\/victorsalgado\/wp-json\/wp\/v2\/posts\/2205\/revisions"}],"predecessor-version":[{"id":2211,"href":"https:\/\/blogs.lavozdegalicia.es\/victorsalgado\/wp-json\/wp\/v2\/posts\/2205\/revisions\/2211"}],"wp:featuredmedia":[{"embeddable":true,"href":"https:\/\/blogs.lavozdegalicia.es\/victorsalgado\/wp-json\/wp\/v2\/media\/2206"}],"wp:attachment":[{"href":"https:\/\/blogs.lavozdegalicia.es\/victorsalgado\/wp-json\/wp\/v2\/media?parent=2205"}],"wp:term":[{"taxonomy":"category","embeddable":true,"href":"https:\/\/blogs.lavozdegalicia.es\/victorsalgado\/wp-json\/wp\/v2\/categories?post=2205"},{"taxonomy":"post_tag","embeddable":true,"href":"https:\/\/blogs.lavozdegalicia.es\/victorsalgado\/wp-json\/wp\/v2\/tags?post=2205"}],"curies":[{"name":"wp","href":"https:\/\/api.w.org\/{rel}","templated":true}]}}