{"id":1923,"date":"2013-03-14T08:07:12","date_gmt":"2013-03-14T07:07:12","guid":{"rendered":"http:\/\/blogs.lavozdegalicia.es\/victorsalgado\/?p=1923"},"modified":"2013-03-13T20:07:45","modified_gmt":"2013-03-13T19:07:45","slug":"por-que-son-gratis-las-redes-sociales","status":"publish","type":"post","link":"https:\/\/blogs.lavozdegalicia.es\/victorsalgado\/2013\/03\/14\/por-que-son-gratis-las-redes-sociales\/","title":{"rendered":"\u00bfPor qu\u00e9 son gratis las redes sociales?"},"content":{"rendered":"<p>Parece una pregunta balad\u00ed pero nos hemos acostumbrado tanto al llamado \u00abtodo gratis\u00bb de Internet que no nos paramos a pensarlo: <strong>\u00bfPor qu\u00e9 son gratis las redes sociales? \u00bfPor qu\u00e9 son gratis las b\u00fasquedas?<\/strong> \u00bfSon acaso ONGs quienes ofrecen estos servicios? Por supuesto que no, son empresas que, como Facebook o Google, se valoran en miles de millones precisamente por el ofrecimiento de este tipo de servicios.<\/p>\n<p>Entonces, <strong>\u00bfd\u00f3nde est\u00e1 el truco?<\/strong> Porque, ya lo dec\u00eda mi abuela: \u00a0\u00abNadie da duros a cuatro pesetas\u00bb.<\/p>\n<div id=\"attachment_1945\" style=\"width: 475px\" class=\"wp-caption aligncenter\"><a href=\"http:\/\/www.flickr.com\/photos\/opensourceway\/4638981545\/\"><img loading=\"lazy\" decoding=\"async\" aria-describedby=\"caption-attachment-1945\" class=\"size-full wp-image-1945\" src=\"https:\/\/blogs.lavozdegalicia.es\/victorsalgado\/files\/2013\/03\/privacy1.jpg\" alt=\"\" width=\"465\" height=\"287\" srcset=\"https:\/\/blogs.lavozdegalicia.es\/victorsalgado\/files\/2013\/03\/privacy1.jpg 465w, https:\/\/blogs.lavozdegalicia.es\/victorsalgado\/files\/2013\/03\/privacy1-300x185.jpg 300w\" sizes=\"auto, (max-width: 465px) 100vw, 465px\" \/><\/a><p id=\"caption-attachment-1945\" class=\"wp-caption-text\">Autor: Ruth Suehle para opensource.com bajo licencia CC<\/p><\/div>\n<p>Pues bien, el truco est\u00e1 en que <strong>en realidad no son gratis <\/strong>en absoluto sino que<strong> pagamos con otra moneda distinta<\/strong> y que nos afecta directamente: <strong>nuestra privacidad<\/strong>.<\/p>\n<p>De hecho, gracias a la <a href=\"https:\/\/blogs.lavozdegalicia.es\/victorsalgado\/2011\/12\/01\/videoblog-privacidad-en-internet\/\" target=\"_blank\">m\u00e1s permisiva legislaci\u00f3n de Estados Unidos<\/a> y a la mayor mentira de Internet: <em>\u00abHe le\u00eddo atentamente y acepto las condiciones de uso\u00bb<\/em>, <strong>todos los datos personales as\u00ed como todos los contenidos que publicamos o introducimos en estos servicios, pertenecen legalmente a los proveedores<\/strong>. De ello hemos hablado ampliamente en otros art\u00edculos del blog: <a href=\"https:\/\/blogs.lavozdegalicia.es\/victorsalgado\/2010\/03\/22\/nada-es-gratis-en-internet-pagamos-con-nuestros-datos\/\">aqu\u00ed<\/a> y <a href=\"https:\/\/blogs.lavozdegalicia.es\/victorsalgado\/2011\/08\/04\/de-quien-es-mi-perfil-en-las-redes-sociales\/\">aqu\u00ed<\/a>. Ello hace, por ejemplo, que Facebook haya sido valorada en unos 80.000 millones de d\u00f3lares. \u00bfQu\u00e9 vale esta exorbitada cantidad en Facebook? \u00bfSu tecnolog\u00eda? \u00bfSus instalaciones? No. Lo valen los datos y contenidos de m\u00e1s de mil millones de seres humanos que en este momento son usuarios de su red social.<\/p>\n<p>Lo mismo cabe decir de Google: <strong>cada vez que hacemos una b\u00fasqueda, \u00e9sta se indexa y se vincula a nuestro perfil<\/strong>, al igual que todo lo que publicamos o enviamos a trav\u00e9s de sus m\u00faltiples y variados servicios (S\u00ed, tambi\u00e9n Gmail).<\/p>\n<p>Y ello \u00bfpara qu\u00e9? Pues <strong>la finalidad principal<\/strong>, seg\u00fan informan los proveedores con este modelo de negocio, es la <strong>construcci\u00f3n de perfiles avanzados para su explotaci\u00f3n publicitaria<\/strong>. Es decir, saber nuestros intereses, gustos y aficiones a fin de mostrarnos informaci\u00f3n comercial optimizada <strong>que, esta vez s\u00ed, venden econ\u00f3micamente \u00a0a sus verdaderos clientes: los anunciantes<\/strong>.<\/p>\n<p>Es posible que nos pueda parecer un intercambio justo, especialmente en un contexto actual de crisis econ\u00f3mica en la que cada euro debe ser medido \u00abal gramo\u00bb (y, si no, <a href=\"http:\/\/www.lavozdegalicia.es\/noticia\/informacion\/2013\/03\/12\/whatsapp-pasa-factura-pago-anual-line-trono-descargas-android\/00031363118875310907102.htm\">que se lo cuenten a WhatsApp<\/a>), pero lo cierto es que <strong>este modelo de negocio supone un riesgo enorme para nuestra privacidad e intimidad<\/strong> del cual, al menos, debemos de ser conscientes:<\/p>\n<p>Esta semana el diario <a href=\"http:\/\/www.elmundo.es\/\">El Mundo<\/a> ha publicado una noticia muy reveladora al respecto: \u00ab<a href=\"http:\/\/www.elmundo.es\/elmundo\/2013\/03\/11\/ciencia\/1363027585.html\">Los riesgos para la intimidad de los &#8216;Me gusta&#8217; de Facebook<\/a>\u00bb donde se hace eco de un <a href=\"http:\/\/www.pnas.org\/content\/early\/2013\/03\/06\/1218772110\">informe publicado en Estados Unidos<\/a> por investigadores de la <a href=\"http:\/\/www.cam.ac.uk\">Universidad de Cambridge<\/a> sobre una base de 58.000 usuarios. Este estudio advierte de que, <strong>simplemente por el mero hecho de marcar el bot\u00f3n \u00abme gusta\u00bb de Facebook, se puede deducir un completo perfil de personalidad del individuo y revelar informaci\u00f3n muy sensible de su intimidad<\/strong>: <em>\u00abPreferencias pol\u00edticas, gustos personales, orientaci\u00f3n sexual, creencias religiosas, rasgos de la personalidad, estabilidad emocional, etnia, edad, sexo o cociente intelectual\u00bb<\/em> son algunos de los datos que, seg\u00fan los investigadores, pueden ser inferidos f\u00e1cilmente de nuestro comportamiento en la red social.<\/p>\n<p>Este <em>\u201cdata mining\u201d<\/em> <strong>choca directamente con la legislaci\u00f3n europea, mucho m\u00e1s protectora de la privacidad de los ciudadanos que la americana<\/strong> y <a href=\"http:\/\/eur-lex.europa.eu\/LexUriServ\/LexUriServ.do?uri=COM:2012:0011:FIN:ES:PDF\">en actual proceso de revisi\u00f3n<\/a> para, entre otras cosas, poder aplicarse m\u00e1s claramente a los prestadores de servicios extranjeros que traten datos de europeos. No nos deben sorprender <a href=\"http:\/\/es.finance.yahoo.com\/noticias\/Alemania-declara-ilegal-bot%C3%B3n-gigle-2801755281.html\">medidas como la adoptada por un estado de Alemania que en 2011 declar\u00f3 ilegal la integraci\u00f3n del bot\u00f3n \u201cme gusta\u201d de Facebook por parte de los administradores web de su regi\u00f3n<\/a>.<\/p>\n<p>En Espa\u00f1a, dicha informaci\u00f3n es catalogada como <strong>datos sensibles<\/strong> por la <a href=\"http:\/\/www.boe.es\/buscar\/doc.php?id=BOE-A-1999-23750\">Ley Org\u00e1nica 15\/1999, de Protecci\u00f3n de Datos de Car\u00e1cter personal (LOPD)<\/a> y requiere un <strong>consentimiento expreso y\/o por escrito para su recogida y tratamiento<\/strong>, siempre que el mismo fuera <em>\u00abadecuado, pertinente y no excesivo\u00bb<\/em> para la finalidad declarada, lo cual muy dif\u00edcil por no decir imposible para uso publicitario.<\/p>\n<p>En definitiva, debemos de hacernos la siguiente pregunta: <strong>\u00bfPor cu\u00e1nto vender\u00edamos nuestra intimidad?<\/strong><\/p>\n","protected":false},"excerpt":{"rendered":"<p>\u00bfPor qu\u00e9 son gratis las redes sociales o las b\u00fasquedas en Internet? Muy sencillo, en realidad no lo son sino que pagamos con otra moneda muy distinta y que nos afecta directamente: nuestra privacidad.<br \/>\nGracias a una legislaci\u00f3n americana m\u00e1s permisiva que la europea, todos los datos personales as\u00ed como todos los contenidos que publicamos o introducimos en estos servicios, pertenecen legalmente a los proveedores, los cuales los usan para la construcci\u00f3n de perfiles avanzados para su explotaci\u00f3n publicitaria que venden a sus verdaderos clientes: los anunciantes.<br \/>\nEste modelo de negocio supone un riesgo enorme para nuestra privacidad e intimidad. En base a un reciente estudio y simplemente por el mero hecho de marcar el bot\u00f3n \u00abme gusta\u00bb de Facebook, se puede deducir un completo perfil de personalidad del individuo y revelar informaci\u00f3n muy sensible de su intimidad.<br \/>\nEsto choca directamente con la legislaci\u00f3n europea, mucho m\u00e1s protectora de la privacidad de los ciudadanos.<br \/>\n\u00bfPor cu\u00e1nto vender\u00edamos nuestra intimidad<\/p>\n","protected":false},"author":180,"featured_media":0,"comment_status":"open","ping_status":"open","sticky":false,"template":"","format":"standard","meta":{"ngg_post_thumbnail":0,"footnotes":""},"categories":[7122],"tags":[7019,247346,7197,2428,40,1353,8264,7022,247878,7087],"class_list":["post-1923","post","type-post","status-publish","format-standard","hentry","category-proteccion-de-datos","tag-compartir-datos","tag-data-mining","tag-datos-personales","tag-facebook","tag-internet","tag-intimidad","tag-lopd","tag-privacidad","tag-proteccion-de-datos","tag-redes-sociales"],"aioseo_notices":[],"_links":{"self":[{"href":"https:\/\/blogs.lavozdegalicia.es\/victorsalgado\/wp-json\/wp\/v2\/posts\/1923","targetHints":{"allow":["GET"]}}],"collection":[{"href":"https:\/\/blogs.lavozdegalicia.es\/victorsalgado\/wp-json\/wp\/v2\/posts"}],"about":[{"href":"https:\/\/blogs.lavozdegalicia.es\/victorsalgado\/wp-json\/wp\/v2\/types\/post"}],"author":[{"embeddable":true,"href":"https:\/\/blogs.lavozdegalicia.es\/victorsalgado\/wp-json\/wp\/v2\/users\/180"}],"replies":[{"embeddable":true,"href":"https:\/\/blogs.lavozdegalicia.es\/victorsalgado\/wp-json\/wp\/v2\/comments?post=1923"}],"version-history":[{"count":29,"href":"https:\/\/blogs.lavozdegalicia.es\/victorsalgado\/wp-json\/wp\/v2\/posts\/1923\/revisions"}],"predecessor-version":[{"id":1952,"href":"https:\/\/blogs.lavozdegalicia.es\/victorsalgado\/wp-json\/wp\/v2\/posts\/1923\/revisions\/1952"}],"wp:attachment":[{"href":"https:\/\/blogs.lavozdegalicia.es\/victorsalgado\/wp-json\/wp\/v2\/media?parent=1923"}],"wp:term":[{"taxonomy":"category","embeddable":true,"href":"https:\/\/blogs.lavozdegalicia.es\/victorsalgado\/wp-json\/wp\/v2\/categories?post=1923"},{"taxonomy":"post_tag","embeddable":true,"href":"https:\/\/blogs.lavozdegalicia.es\/victorsalgado\/wp-json\/wp\/v2\/tags?post=1923"}],"curies":[{"name":"wp","href":"https:\/\/api.w.org\/{rel}","templated":true}]}}