{"id":1835,"date":"2012-07-05T08:06:55","date_gmt":"2012-07-05T06:06:55","guid":{"rendered":"http:\/\/blogs.lavozdegalicia.es\/victorsalgado\/?p=1835"},"modified":"2012-07-04T14:32:01","modified_gmt":"2012-07-04T12:32:01","slug":"entrevista-la-crisis-acelera-el-comercio-electronico","status":"publish","type":"post","link":"https:\/\/blogs.lavozdegalicia.es\/victorsalgado\/2012\/07\/05\/entrevista-la-crisis-acelera-el-comercio-electronico\/","title":{"rendered":"Entrevista: La crisis acelera el comercio electr\u00f3nico"},"content":{"rendered":"<p>Hace unos meses tuve el placer de ser entrevistado por el <a href=\"http:\/\/www.dicoruna.es\/ipe\/\" target=\"_blank\">Servicio de Planificaci\u00f3n, Desarrollo Territorial y UE de la Diputaci\u00f3n de A Coru\u00f1a<\/a> para el n\u00famero Final del <a href=\"http:\/\/www.parnettic.eu\/es\/noticia.php?id_not=128\" target=\"_blank\">bolet\u00edn oficial del Proyecto PARNET-TIC<\/a> financiado por la Uni\u00f3n Europea.<\/p>\n<p><a href=\"https:\/\/blogs.lavozdegalicia.es\/victorsalgado\/files\/2012\/07\/logo-parnet.jpg\"><img loading=\"lazy\" decoding=\"async\" class=\"size-medium wp-image-1841 alignleft\" src=\"https:\/\/blogs.lavozdegalicia.es\/victorsalgado\/files\/2012\/07\/logo-parnet-300x270.jpg\" alt=\"\" width=\"300\" height=\"270\" srcset=\"https:\/\/blogs.lavozdegalicia.es\/victorsalgado\/files\/2012\/07\/logo-parnet-300x270.jpg 300w, https:\/\/blogs.lavozdegalicia.es\/victorsalgado\/files\/2012\/07\/logo-parnet.jpg 600w\" sizes=\"auto, (max-width: 300px) 100vw, 300px\" \/><\/a>A continuaci\u00f3n, reproduzco el texto completo de la entrevista donde abordamos algunas cuestiones relativas al comercio electr\u00f3nico, los medios de pago online, el copyright y otros aspectos del Derecho TIC. Espero que os resulte de inter\u00e9s!<\/p>\n<p>El bolet\u00edn completo pod\u00e9is descargarlo o verlo online, tanto en ingl\u00e9s como en castellano, en los siguientes enlaces:<\/p>\n<p style=\"padding-left: 30px\"><em>Descarga el bolet\u00edn [<a href=\"http:\/\/www.parnettic.eu\/admin\/es\/descargar.php?id=160\">ES<\/a>] [<a href=\"http:\/\/www.parnettic.eu\/admin\/es\/descargar.php?id=161\">EN<\/a>]<\/em><\/p>\n<p style=\"padding-left: 30px\"><em>Ver online [<a href=\"http:\/\/issuu.com\/parnet-tic\/docs\/boletin_n19_final_120ppp\">ES<\/a>] [<a href=\"http:\/\/issuu.com\/parnet-tic\/docs\/newsletter_n19_final_120ppp\">EN<\/a>]<\/em><\/p>\n<p><em><strong>\u00a0<\/strong><\/em><\/p>\n<p><em><strong>\u00abLa crisis no s\u00f3lo no frena el desarrollo de lo Sociedad de la Informaci\u00f3n sino que lo acelera\u00bb <\/strong><\/em><\/p>\n<p style=\"padding-left: 30px\"><em>V\u00edctor Salgado, abogado especializado en Derecho Inform\u00e1tico <\/em><\/p>\n<p><em>V\u00edctor Salgado publica con asiduidad art\u00edculos en boletines y revistas especializadas, tanto o nivel nacional como internacional, en materias tales como los aspectos jur\u00eddicos del comercio electr\u00f3nico, la legislaci\u00f3n en materia de protecci\u00f3n de datos, los derechos de autor en Internet, la criminalidad inform\u00e1tica o la regulaci\u00f3n de los nombres de dominio, entre otras. <\/em><\/p>\n<p><em><strong>\u00a0<\/strong><\/em><\/p>\n<p><em><strong>&#8211; \u00bfC\u00f3mo cree que influyen en el comercio electr\u00f3nico iniciativas como PayPal? \u00bfConsidera que las entidades bancarias deben incentivar el comercio electr\u00f3nico de alguna manera?<\/strong><\/em><\/p>\n<p><em>Realmente los medios de pago son la gran asignatura pendiente del Comercio Electr\u00f3nico. Parece mentira, pero todav\u00eda no se ha implantado un sistema de pago generalizado en la Red que no implique la necesidad de dar nuestros datos de car\u00e1cter personal. Eso hace que las compras se retraigan por miedo a los fraudes y a qu\u00e9 se hace con nuestros datos. Iniciativas como PayPal simplifican el proceso de pago y limitan los datos que damos a la tienda final pero a cambio de dejar nuestros datos de pago en una empresa americana que no tiene una obligaci\u00f3n legal de proteger nuestra privacidad, como en Europa, con el consiguiente riesgo. En mi opini\u00f3n, las entidades bancarias (y las tecnol\u00f3gicas) deber\u00edan fomentar m\u00e1s iniciativas como las de tarjetas monedero y las de dinero electr\u00f3nico que ya son posibles legalmente en Espa\u00f1a y que permitir\u00edan realizar transacciones seguras y micropagos an\u00f3nimos en la Red. Otra cosa es que les interese hacerlo: nuestros datos valen demasiado dinero.<\/em><\/p>\n<p>&nbsp;<\/p>\n<p><em><strong>&#8211; La protecci\u00f3n excesiva sobre los derechos de autor, \u00bfpuede perjudicar la Sociedad de la Informaci\u00f3n?<\/strong><\/em><\/p>\n<p><em>En el momento actual asistimos a una verdadera revoluci\u00f3n cultural. En contra de lo que muchos afirman, la cultura no est\u00e1 en crisis: \u00a1Todo lo contrario! Nunca se ha escuchado m\u00e1s m\u00fasica, visto m\u00e1s cine o le\u00eddo m\u00e1s que con el surgimiento de las tecnolog\u00edas digitales que han permitido facilitar la reproducci\u00f3n y acceso remoto a todas estas obras de creaci\u00f3n intelectual. Del mismo modo, el n\u00famero de obras se ha multiplicado: cualquiera puede escribir, componer o grabar un v\u00eddeo y publicarlo en la Red con acceso a millones de personas. Esto no debemos censurarlo sino fomentarlo. Imaginemos que se intentara limitar el n\u00famero de copias que hac\u00eda Gutemberg con su imprenta: no tiene sentido luchar contra la tecnolog\u00eda.<\/em><\/p>\n<p><em>Lo que s\u00ed est\u00e1 en crisis, sin duda alguna, son los antiguos modelos de negocio de la Industria Cultural: comprar un CD o un DVD cada vez tiene menos sentido en el actual escenario digital y m\u00e1s con los precios a los que se han distribuido durante a\u00f1os. En vez de modificar dichos modelos y adaptarse a los tiempos dando opciones sencillas y econ\u00f3micas de acceder a sus obras, dicha Industria ha presionado para endurecer la legislaci\u00f3n e ilegalizar pr\u00e1cticas, como la copia privada, que siempre fueron legales en nuestro pa\u00eds: para eso estaba el canon y no para compensar la pirater\u00eda.<\/em><\/p>\n<p><em>La generalizaci\u00f3n de estas iniciativas como la Ley HADOPI en Francia, la Ley Sinde en Espa\u00f1a o la nueva Stop Online Piracy Act (SOPA) en Estado Unidos, puede perjudicar mucho en correcto desarrollo de la Sociedad de la Informaci\u00f3n puesto que se basan en limitar derechos fundamentales como la libertad de expresi\u00f3n o la privacidad en aras de proteger derechos mercantiles privados y no fundamentales.<\/em><\/p>\n<p>&nbsp;<\/p>\n<p><em><strong>&#8211; \u00bfQu\u00e9 papel desempe\u00f1a la Uni\u00f3n Europea en el fomento de la Sociedad de la Informaci\u00f3n y de las nuevas tecnolog\u00edas? \u00bfHace especial hincapi\u00e9 en las zonas rurales y la brecha digital?<\/strong><\/em><\/p>\n<p><em>La Uni\u00f3n Europea ha contribuido a fomentar de manera esencial el uso de Internet y el acceso universal a la Red, tanto desde un punto de vista normativo como de ejecuci\u00f3n y financiaci\u00f3n de programas. La prueba la tenemos en la pol\u00edtica de Sociedad de la Informaci\u00f3n cuyo origen se remonta ya al Informe Bangemann de 1991. Sin embargo, a\u00fan le queda mucho que hacer para superar precisamente la importante brecha digital que a\u00fan existe en Europa as\u00ed como el hecho de lograr y mejorar el acceso de zonas rurales: ambos problemas est\u00e1n muy presentes a\u00fan en nuestro pa\u00eds y en Galicia en particular.<\/em><\/p>\n<p>&nbsp;<\/p>\n<p><em><strong>&#8211; \u00bfQu\u00e9 opciones tiene la ciudadan\u00eda para mantener controlada su \u201creputaci\u00f3n online\u201d?<\/strong><\/em><\/p>\n<p><em>La decisi\u00f3n de estar o no estar en Internet ya no es algo que dependa de nosotros. Aunque no tengamos correo electr\u00f3nico ni cuenta en Facebook o cualquier otro servicio o perfil social, nuestros datos ya se encuentran en\u00a0la Red. S\u00f3lo tenemos que hacer una mera b\u00fasqueda en Google con nuestro nombre completo para comprobarlo (y m\u00e1s si lo entrecomillamos): ah\u00ed veremos que distintas publicaciones e Instituciones ya han volcado nuestros datos en la Red: nuestra participaci\u00f3n en unas oposiciones, una multa de tr\u00e1fico o una foto que nos sac\u00f3 un amigo y que etiquet\u00f3 en Facebook est\u00e1n ya ah\u00ed y, en ocasiones, pueden afectar nuestra dignidad e imagen p\u00fablica. Es aqu\u00ed donde, muchas veces, debemos de actuar para proteger nuestra privacidad y nuestro derechos al honor. No siempre es f\u00e1cil por lo que, en ocasiones, debemos actuar legalmente.<\/em><\/p>\n<p>&nbsp;<\/p>\n<p><em><strong>&#8211; \u00bfQu\u00e9 pasos deber\u00edan darse o ya est\u00e1n d\u00e1ndose para avanzar hacia la plena implementaci\u00f3n de la sociedad de la informaci\u00f3n y las TICs?<\/strong><\/em><\/p>\n<p><em>Esto ya est\u00e1 en marcha y es imparable: afecta ya a todos los \u00e1mbitos de nuestra vida y continuar\u00e1 haci\u00e9ndolo con mayor intensidad y profundidad. Sin embargo, se echa en falta una mayor coordinaci\u00f3n y apoyo estructurado en el proceso por parte de nuestra legislaci\u00f3n e instituciones: a menudo las leyes llegan tarde y m\u00e1s que una ayuda suponen un obst\u00e1culo para el correcto desarrollo de la Red.<\/em><\/p>\n<p><em>Desde mi punto de vista, quedan tres \u00e1mbitos esenciales sobre los que se deber\u00eda avanzar en los pr\u00f3ximos a\u00f1os: uno es el voto electr\u00f3nico (que deber\u00eda facilitar una verdadera Democracia 2.0 continua y no solo cada 4 a\u00f1os), otro es el fomento real de la generalizaci\u00f3n del uso de la firma electr\u00f3nica e identidad online en todas nuestras transacciones (y no s\u00f3lo en las p\u00fablicas) y finalmente la consecuci\u00f3n de una verdadera interoperabilidad \u00a0y neutralidad tecnol\u00f3gica que permita a cualquier persona acceder a los mismos servicios con independencia del sistema inform\u00e1tico que use y de d\u00f3nde se ubique.<\/em><\/p>\n<p>&nbsp;<\/p>\n<p><em><strong>&#8211; Adem\u00e1s de la necesaria alfabetizaci\u00f3n digital, \u00bfque f\u00f3rmulas podr\u00edan aplicarse para conectar con la poblaci\u00f3n y fomentar la participaci\u00f3n ciudadana en este \u00e1mbito?<\/strong><\/em><\/p>\n<p><em>Adem\u00e1s de medidas educativas y de formaci\u00f3n continua, creo que la implicaci\u00f3n de los padres es esencial: mal vamos a poder ense\u00f1ar a nuestros menores a cruzar la calle si nosotros no andamos por ella: dejemos de tener y sembrar miedo a la Red y empecemos a usarla nosotros tambi\u00e9n. S\u00f3lo hay una manera de aprender a nadar y lo mismo se aplica a la Red.<\/em><\/p>\n<p><em>Dejemos de advertir tanto de los peligros de la red y comencemos a difundir sus beneficios. Y ello no s\u00f3lo con palabras: ofrezcamos beneficios fiscales, laborales o sociales tangibles y directos a las personas que usen Internet en sus transacciones. Ello fomentar\u00e1 r\u00e1pidamente el uso y aprovechamiento de la Red en beneficio de todos: ahorro de tiempo, menos consumo energ\u00e9tico, mayo productividad, mejora del medio ambiente y de nuestra calidad de vida, etc.<\/em><\/p>\n<p>&nbsp;<\/p>\n<p><em><strong>&#8211; \u00bfConsidera que la actual crisis ralentizar\u00e1 el avance de la Sociedad de la Informaci\u00f3n? \u00bfC\u00f3mo considera su estado actual en Espa\u00f1a a d\u00eda de hoy?<\/strong><\/em><\/p>\n<p><em>Creo firmemente que la crisis no s\u00f3lo no frena el desarrollo de la Sociedad de la Informaci\u00f3n sino que la acelera: por los motivos expuestos, no hay mejor medio de ahorrar costes e incrementar nuestra productividad que el uso de las nuevas tecnolog\u00edas. S\u00f3lo hay que ver los datos reiterados de incremento sustancial del comercio electr\u00f3nico en los \u00faltimos a\u00f1os para darse cuenta de ello. Espa\u00f1a, por supuesto, no es una excepci\u00f3n y tiene un desaf\u00edo mayor que otros pa\u00edses al haber basado su modelo productivo en bienes reales m\u00e1s que en bienes intelectuales o en la innovaci\u00f3n. Tengo el placer de comprobar cada d\u00eda en mi trabajo que esto est\u00e1 empezando a cambiar y a un ritmo muy alto. Lo apreciaremos plenamente en los pr\u00f3ximos a\u00f1os.<\/em><\/p>\n<p>&nbsp;<\/p>\n<p>Muchas gracias a la Diputaci\u00f3n de A Coru\u00f1a por la entrevista y la cesi\u00f3n de este texto para su publicaci\u00f3n \u00edntegra en este blog.<\/p>\n","protected":false},"excerpt":{"rendered":"<p>Hace unos meses tuve el placer de ser entrevistado por el Servicio de Planificaci\u00f3n, Desarrollo Territorial y UE de la Diputaci\u00f3n de A Coru\u00f1a para el n\u00famero Final del bolet\u00edn oficial del Proyecto PARNET-TIC financiado por la Uni\u00f3n Europea.<\/p>\n<p>A continuaci\u00f3n, reproduzco el texto completo de la entrevista donde abordamos algunas cuestiones relativas al comercio electr\u00f3nico, los medios de pago online, el copyright y otros aspectos del Derecho TIC. Espero que os resulte de inter\u00e9s!<\/p>\n","protected":false},"author":180,"featured_media":0,"comment_status":"open","ping_status":"open","sticky":false,"template":"","format":"standard","meta":{"ngg_post_thumbnail":0,"footnotes":""},"categories":[7085,2855,7397],"tags":[247877,7400,1127,2295,7018,911,40,7401,247880],"class_list":["post-1835","post","type-post","status-publish","format-standard","hentry","category-comercio-electronico","category-medios","category-propiedad-intelectual","tag-comercio-electronico","tag-copyright","tag-crisis","tag-derechos-de-autor","tag-e-commerce","tag-entrevista","tag-internet","tag-pirateria","tag-propiedad-intelectual"],"aioseo_notices":[],"_links":{"self":[{"href":"https:\/\/blogs.lavozdegalicia.es\/victorsalgado\/wp-json\/wp\/v2\/posts\/1835","targetHints":{"allow":["GET"]}}],"collection":[{"href":"https:\/\/blogs.lavozdegalicia.es\/victorsalgado\/wp-json\/wp\/v2\/posts"}],"about":[{"href":"https:\/\/blogs.lavozdegalicia.es\/victorsalgado\/wp-json\/wp\/v2\/types\/post"}],"author":[{"embeddable":true,"href":"https:\/\/blogs.lavozdegalicia.es\/victorsalgado\/wp-json\/wp\/v2\/users\/180"}],"replies":[{"embeddable":true,"href":"https:\/\/blogs.lavozdegalicia.es\/victorsalgado\/wp-json\/wp\/v2\/comments?post=1835"}],"version-history":[{"count":21,"href":"https:\/\/blogs.lavozdegalicia.es\/victorsalgado\/wp-json\/wp\/v2\/posts\/1835\/revisions"}],"predecessor-version":[{"id":1857,"href":"https:\/\/blogs.lavozdegalicia.es\/victorsalgado\/wp-json\/wp\/v2\/posts\/1835\/revisions\/1857"}],"wp:attachment":[{"href":"https:\/\/blogs.lavozdegalicia.es\/victorsalgado\/wp-json\/wp\/v2\/media?parent=1835"}],"wp:term":[{"taxonomy":"category","embeddable":true,"href":"https:\/\/blogs.lavozdegalicia.es\/victorsalgado\/wp-json\/wp\/v2\/categories?post=1835"},{"taxonomy":"post_tag","embeddable":true,"href":"https:\/\/blogs.lavozdegalicia.es\/victorsalgado\/wp-json\/wp\/v2\/tags?post=1835"}],"curies":[{"name":"wp","href":"https:\/\/api.w.org\/{rel}","templated":true}]}}