{"id":3250,"date":"2023-11-23T09:22:19","date_gmt":"2023-11-23T09:22:19","guid":{"rendered":"https:\/\/blogs.lavozdegalicia.es\/mundoexotico\/?p=3250"},"modified":"2023-11-23T09:22:19","modified_gmt":"2023-11-23T09:22:19","slug":"sao-miguel-azores-parte-3-ponta-delgada-y-cetaceos","status":"publish","type":"post","link":"https:\/\/blogs.lavozdegalicia.es\/mundoexotico\/2023\/11\/23\/sao-miguel-azores-parte-3-ponta-delgada-y-cetaceos\/","title":{"rendered":"Sao Miguel, Azores. Parte 3. Ponta Delgada y cet\u00e1ceos."},"content":{"rendered":"<h2><a href=\"https:\/\/blogs.lavozdegalicia.es\/mundoexotico\/files\/2022\/12\/IMG_20220515_112327-2.jpg\"><img loading=\"lazy\" decoding=\"async\" class=\"aligncenter size-thumbnail wp-image-2995\" src=\"https:\/\/blogs.lavozdegalicia.es\/mundoexotico\/files\/2022\/12\/IMG_20220515_112327-2-150x150.jpg\" alt=\"\" width=\"150\" height=\"150\" srcset=\"https:\/\/blogs.lavozdegalicia.es\/mundoexotico\/files\/2022\/12\/IMG_20220515_112327-2-150x150.jpg 150w, https:\/\/blogs.lavozdegalicia.es\/mundoexotico\/files\/2022\/12\/IMG_20220515_112327-2-249x250.jpg 249w\" sizes=\"auto, (max-width: 150px) 100vw, 150px\" \/><\/a><\/h2>\n<h2 style=\"text-align: center\">Sao Miguel, Azores. Parte 3. Ponta Delgada y cet\u00e1ceos.<\/h2>\n<h3 style=\"text-align: center\"><strong>Por Fran Raposo<\/strong><\/h3>\n<p>Sao Miguel es la isla principal de las Azores y Ponta Delgada la capital de la Isla. Antiguamente, hasta el siglo XIV la capital era Vila Franca do Campo, pero un terremoto la destruy\u00f3 y convirti\u00f3 a Ponta Delgada que, hasta la fecha era un pueblo pesquero, en su capital.<\/p>\n<p><a href=\"https:\/\/blogs.lavozdegalicia.es\/mundoexotico\/files\/2023\/09\/lince-scaled.jpg\"><img loading=\"lazy\" decoding=\"async\" class=\"aligncenter size-large wp-image-3232\" src=\"https:\/\/blogs.lavozdegalicia.es\/mundoexotico\/files\/2023\/09\/lince-1024x461.jpg\" alt=\"\" width=\"1024\" height=\"461\" srcset=\"https:\/\/blogs.lavozdegalicia.es\/mundoexotico\/files\/2023\/09\/lince-1024x461.jpg 1024w, https:\/\/blogs.lavozdegalicia.es\/mundoexotico\/files\/2023\/09\/lince-300x135.jpg 300w, https:\/\/blogs.lavozdegalicia.es\/mundoexotico\/files\/2023\/09\/lince-768x345.jpg 768w, https:\/\/blogs.lavozdegalicia.es\/mundoexotico\/files\/2023\/09\/lince-1536x691.jpg 1536w, https:\/\/blogs.lavozdegalicia.es\/mundoexotico\/files\/2023\/09\/lince-2048x921.jpg 2048w, https:\/\/blogs.lavozdegalicia.es\/mundoexotico\/files\/2023\/09\/lince-1080x486.jpg 1080w\" sizes=\"auto, (max-width: 1024px) 100vw, 1024px\" \/><\/a><\/p>\n<p>Yo hice base en el <span style=\"color: #ff0000\"><a style=\"color: #ff0000\" href=\"http:\/\/azores.thelincehotels.com\/\"><strong>Hotel Lince<\/strong><\/a><\/span> muy cerca del puerto, con habitaciones con buenas vistas y muy buen desayuno. Incluso tiene una piscina cubierta.<\/p>\n<p><a href=\"https:\/\/blogs.lavozdegalicia.es\/mundoexotico\/files\/2023\/09\/IMG-20220514-WA0067.jpg\"><img loading=\"lazy\" decoding=\"async\" class=\"aligncenter size-large wp-image-3253\" src=\"https:\/\/blogs.lavozdegalicia.es\/mundoexotico\/files\/2023\/09\/IMG-20220514-WA0067-768x1024.jpg\" alt=\"\" width=\"768\" height=\"1024\" srcset=\"https:\/\/blogs.lavozdegalicia.es\/mundoexotico\/files\/2023\/09\/IMG-20220514-WA0067-768x1024.jpg 768w, https:\/\/blogs.lavozdegalicia.es\/mundoexotico\/files\/2023\/09\/IMG-20220514-WA0067-225x300.jpg 225w, https:\/\/blogs.lavozdegalicia.es\/mundoexotico\/files\/2023\/09\/IMG-20220514-WA0067-1152x1536.jpg 1152w, https:\/\/blogs.lavozdegalicia.es\/mundoexotico\/files\/2023\/09\/IMG-20220514-WA0067-1080x1440.jpg 1080w, https:\/\/blogs.lavozdegalicia.es\/mundoexotico\/files\/2023\/09\/IMG-20220514-WA0067.jpg 1536w\" sizes=\"auto, (max-width: 768px) 100vw, 768px\" \/><\/a><\/p>\n<p>Tiene algo m\u00e1s de sesenta y siete mil habitantes y un centro hist\u00f3rico muy bonito que podr\u00e1s recorrer a pie sin ning\u00fan problema. Los hoteles m\u00e1s caros est\u00e1n frente a la marina y el puerto de la ciudad.<\/p>\n<p>Su aeropuerto internacional se encuentra a solo cinco kil\u00f3metros del centro de la ciudad y se llama Joao Paulo II.<\/p>\n<p><a href=\"https:\/\/blogs.lavozdegalicia.es\/mundoexotico\/files\/2023\/09\/IMG_20220514_122411-scaled.jpg\"><img loading=\"lazy\" decoding=\"async\" class=\"aligncenter size-large wp-image-3251\" src=\"https:\/\/blogs.lavozdegalicia.es\/mundoexotico\/files\/2023\/09\/IMG_20220514_122411-1024x461.jpg\" alt=\"\" width=\"1024\" height=\"461\" srcset=\"https:\/\/blogs.lavozdegalicia.es\/mundoexotico\/files\/2023\/09\/IMG_20220514_122411-1024x461.jpg 1024w, https:\/\/blogs.lavozdegalicia.es\/mundoexotico\/files\/2023\/09\/IMG_20220514_122411-300x135.jpg 300w, https:\/\/blogs.lavozdegalicia.es\/mundoexotico\/files\/2023\/09\/IMG_20220514_122411-768x346.jpg 768w, https:\/\/blogs.lavozdegalicia.es\/mundoexotico\/files\/2023\/09\/IMG_20220514_122411-1536x691.jpg 1536w, https:\/\/blogs.lavozdegalicia.es\/mundoexotico\/files\/2023\/09\/IMG_20220514_122411-2048x922.jpg 2048w, https:\/\/blogs.lavozdegalicia.es\/mundoexotico\/files\/2023\/09\/IMG_20220514_122411-1080x486.jpg 1080w\" sizes=\"auto, (max-width: 1024px) 100vw, 1024px\" \/><\/a><\/p>\n<p>Lo primero que ver\u00e1s accediendo desde la costa ser\u00e1 la Praca do Municipio, con la puerta de la ciudad que la forman tres arcos de piedra volc\u00e1nica del siglo XVI y con la iglesia de Sao Sebastiao y su torre al fondo.<\/p>\n<p><a href=\"https:\/\/blogs.lavozdegalicia.es\/mundoexotico\/files\/2023\/09\/IMG-20220514-WA0101.jpg\"><img loading=\"lazy\" decoding=\"async\" class=\"aligncenter size-large wp-image-3255\" src=\"https:\/\/blogs.lavozdegalicia.es\/mundoexotico\/files\/2023\/09\/IMG-20220514-WA0101-768x1024.jpg\" alt=\"\" width=\"768\" height=\"1024\" srcset=\"https:\/\/blogs.lavozdegalicia.es\/mundoexotico\/files\/2023\/09\/IMG-20220514-WA0101-768x1024.jpg 768w, https:\/\/blogs.lavozdegalicia.es\/mundoexotico\/files\/2023\/09\/IMG-20220514-WA0101-225x300.jpg 225w, https:\/\/blogs.lavozdegalicia.es\/mundoexotico\/files\/2023\/09\/IMG-20220514-WA0101-1152x1536.jpg 1152w, https:\/\/blogs.lavozdegalicia.es\/mundoexotico\/files\/2023\/09\/IMG-20220514-WA0101-1080x1440.jpg 1080w, https:\/\/blogs.lavozdegalicia.es\/mundoexotico\/files\/2023\/09\/IMG-20220514-WA0101.jpg 1536w\" sizes=\"auto, (max-width: 768px) 100vw, 768px\" \/><\/a><\/p>\n<p>Toda la plaza y la mayor\u00eda del centro de la ciudad tiene en el suelo el t\u00edpico adoquinado de piedra portugu\u00e9s.<\/p>\n<p><a href=\"https:\/\/blogs.lavozdegalicia.es\/mundoexotico\/files\/2023\/09\/IMG_20220514_122752-scaled.jpg\"><img loading=\"lazy\" decoding=\"async\" class=\"aligncenter size-large wp-image-3252\" src=\"https:\/\/blogs.lavozdegalicia.es\/mundoexotico\/files\/2023\/09\/IMG_20220514_122752-1024x461.jpg\" alt=\"\" width=\"1024\" height=\"461\" srcset=\"https:\/\/blogs.lavozdegalicia.es\/mundoexotico\/files\/2023\/09\/IMG_20220514_122752-1024x461.jpg 1024w, https:\/\/blogs.lavozdegalicia.es\/mundoexotico\/files\/2023\/09\/IMG_20220514_122752-300x135.jpg 300w, https:\/\/blogs.lavozdegalicia.es\/mundoexotico\/files\/2023\/09\/IMG_20220514_122752-768x345.jpg 768w, https:\/\/blogs.lavozdegalicia.es\/mundoexotico\/files\/2023\/09\/IMG_20220514_122752-1536x691.jpg 1536w, https:\/\/blogs.lavozdegalicia.es\/mundoexotico\/files\/2023\/09\/IMG_20220514_122752-2048x921.jpg 2048w, https:\/\/blogs.lavozdegalicia.es\/mundoexotico\/files\/2023\/09\/IMG_20220514_122752-1080x486.jpg 1080w\" sizes=\"auto, (max-width: 1024px) 100vw, 1024px\" \/><\/a><\/p>\n<p>En la parte oeste del puerto se encuentra el fuerte de Sao Bras de mediados del siglo XIV que hoy en d\u00eda es la base de la marina portuguesa y que tiene un museo militar.<\/p>\n<p><a href=\"https:\/\/blogs.lavozdegalicia.es\/mundoexotico\/files\/2023\/09\/IMG-20220514-WA0100.jpg\"><img loading=\"lazy\" decoding=\"async\" class=\"aligncenter size-large wp-image-3254\" src=\"https:\/\/blogs.lavozdegalicia.es\/mundoexotico\/files\/2023\/09\/IMG-20220514-WA0100-768x1024.jpg\" alt=\"\" width=\"768\" height=\"1024\" srcset=\"https:\/\/blogs.lavozdegalicia.es\/mundoexotico\/files\/2023\/09\/IMG-20220514-WA0100-768x1024.jpg 768w, https:\/\/blogs.lavozdegalicia.es\/mundoexotico\/files\/2023\/09\/IMG-20220514-WA0100-225x300.jpg 225w, https:\/\/blogs.lavozdegalicia.es\/mundoexotico\/files\/2023\/09\/IMG-20220514-WA0100-1152x1536.jpg 1152w, https:\/\/blogs.lavozdegalicia.es\/mundoexotico\/files\/2023\/09\/IMG-20220514-WA0100-1080x1440.jpg 1080w, https:\/\/blogs.lavozdegalicia.es\/mundoexotico\/files\/2023\/09\/IMG-20220514-WA0100.jpg 1536w\" sizes=\"auto, (max-width: 768px) 100vw, 768px\" \/><\/a><\/p>\n<p>El centro hist\u00f3rico mantiene uniformidad en todos sus edificios muchos de ellos de estilo barroco. Son destacables entre otros la torre Sineira desde la que hay unas bonitas vistas de la cuidad, el Museo de Carlos Machado, la iglesia de Sao Jos\u00e9, la capilla do Santo Cristo dos Milagres que en primavera celebra la fiesta religiosa m\u00e1s importante de la isla y el Convento de Nossa Senhora da Esperanca tambi\u00e9n de mediados del siglo XIV. Has de visitar tambi\u00e9n el colorido y animado mercado da Graca y el Jard\u00edn Bot\u00e1nico.<\/p>\n<p><a href=\"https:\/\/blogs.lavozdegalicia.es\/mundoexotico\/files\/2023\/09\/IMG-20220515-WA0041.jpg\"><img loading=\"lazy\" decoding=\"async\" class=\"aligncenter size-full wp-image-3258\" src=\"https:\/\/blogs.lavozdegalicia.es\/mundoexotico\/files\/2023\/09\/IMG-20220515-WA0041.jpg\" alt=\"\" width=\"768\" height=\"1024\" srcset=\"https:\/\/blogs.lavozdegalicia.es\/mundoexotico\/files\/2023\/09\/IMG-20220515-WA0041.jpg 768w, https:\/\/blogs.lavozdegalicia.es\/mundoexotico\/files\/2023\/09\/IMG-20220515-WA0041-225x300.jpg 225w\" sizes=\"auto, (max-width: 768px) 100vw, 768px\" \/><\/a><\/p>\n<p>Lo que no te debes perder bajo ning\u00fan concepto es una visita a \u00abO Rei dos Queixos\u00bb en donde podr\u00e1s comprar despu\u00e9s de probar todos los quesos de las Azores y dem\u00e1s productos de las islas como sus licores, el t\u00e9 de la f\u00e1brica m\u00e1s antigua de Europa, las queijadas, los biscoitos. Esta tienda y su due\u00f1o son todo un espect\u00e1culo.<\/p>\n<p><a href=\"https:\/\/blogs.lavozdegalicia.es\/mundoexotico\/files\/2023\/09\/IMG_20220430_084139-scaled.jpg\"><img loading=\"lazy\" decoding=\"async\" class=\"aligncenter size-large wp-image-3256\" src=\"https:\/\/blogs.lavozdegalicia.es\/mundoexotico\/files\/2023\/09\/IMG_20220430_084139-1024x461.jpg\" alt=\"\" width=\"1024\" height=\"461\" srcset=\"https:\/\/blogs.lavozdegalicia.es\/mundoexotico\/files\/2023\/09\/IMG_20220430_084139-1024x461.jpg 1024w, https:\/\/blogs.lavozdegalicia.es\/mundoexotico\/files\/2023\/09\/IMG_20220430_084139-300x135.jpg 300w, https:\/\/blogs.lavozdegalicia.es\/mundoexotico\/files\/2023\/09\/IMG_20220430_084139-768x346.jpg 768w, https:\/\/blogs.lavozdegalicia.es\/mundoexotico\/files\/2023\/09\/IMG_20220430_084139-1536x691.jpg 1536w, https:\/\/blogs.lavozdegalicia.es\/mundoexotico\/files\/2023\/09\/IMG_20220430_084139-2048x922.jpg 2048w, https:\/\/blogs.lavozdegalicia.es\/mundoexotico\/files\/2023\/09\/IMG_20220430_084139-1080x486.jpg 1080w\" sizes=\"auto, (max-width: 1024px) 100vw, 1024px\" \/><\/a><\/p>\n<p>Otra de las actividades que podr\u00e1s disfrutar en Ponta Delgada y en varias de las islas Azores es el avistamiento de cet\u00e1ceos. Adem\u00e1s de poblaci\u00f3n estable es zona de paso para estos mam\u00edferos. Eso s\u00ed, aunque tengas experiencia marinera te recomiendo que te tomes un par de pastillas para el mareo, es el Atl\u00e1ntico y el barco se mueve. Por si te olvidas de ellas o es una decisi\u00f3n que tomas a \u00faltima hora, las puedes comprar en cualquier farmacia pidiendo comprimidos o p\u00edlulas para o enj\u00f4o.<\/p>\n<p><a href=\"https:\/\/blogs.lavozdegalicia.es\/mundoexotico\/files\/2023\/09\/cetaceos.jpg\"><img loading=\"lazy\" decoding=\"async\" class=\"aligncenter size-large wp-image-3257\" src=\"https:\/\/blogs.lavozdegalicia.es\/mundoexotico\/files\/2023\/09\/cetaceos-701x1024.jpg\" alt=\"\" width=\"701\" height=\"1024\" srcset=\"https:\/\/blogs.lavozdegalicia.es\/mundoexotico\/files\/2023\/09\/cetaceos-701x1024.jpg 701w, https:\/\/blogs.lavozdegalicia.es\/mundoexotico\/files\/2023\/09\/cetaceos-205x300.jpg 205w, https:\/\/blogs.lavozdegalicia.es\/mundoexotico\/files\/2023\/09\/cetaceos-768x1121.jpg 768w, https:\/\/blogs.lavozdegalicia.es\/mundoexotico\/files\/2023\/09\/cetaceos-1052x1536.jpg 1052w, https:\/\/blogs.lavozdegalicia.es\/mundoexotico\/files\/2023\/09\/cetaceos-1080x1577.jpg 1080w, https:\/\/blogs.lavozdegalicia.es\/mundoexotico\/files\/2023\/09\/cetaceos.jpg 1326w\" sizes=\"auto, (max-width: 701px) 100vw, 701px\" \/><\/a><\/p>\n<p>Sales del puerto a primera hota de la ma\u00f1ana mar a dentro pero siempre viendo Ponta Delgada y podr\u00e1s, con suerte ver varias especies de cet\u00e1ceos. Hemos de recordar que no es un zoo y los animales campan a sus anchas y los puedes ver o no, nadie te garantiza ver una ballena, aunque es frecuente.<\/p>\n<p><a href=\"https:\/\/blogs.lavozdegalicia.es\/mundoexotico\/files\/2023\/09\/IMG-20220514-WA0081.jpg\"><img loading=\"lazy\" decoding=\"async\" class=\"aligncenter size-large wp-image-3259\" src=\"https:\/\/blogs.lavozdegalicia.es\/mundoexotico\/files\/2023\/09\/IMG-20220514-WA0081-1024x768.jpg\" alt=\"\" width=\"1024\" height=\"768\" srcset=\"https:\/\/blogs.lavozdegalicia.es\/mundoexotico\/files\/2023\/09\/IMG-20220514-WA0081-1024x768.jpg 1024w, https:\/\/blogs.lavozdegalicia.es\/mundoexotico\/files\/2023\/09\/IMG-20220514-WA0081-300x225.jpg 300w, https:\/\/blogs.lavozdegalicia.es\/mundoexotico\/files\/2023\/09\/IMG-20220514-WA0081-768x576.jpg 768w, https:\/\/blogs.lavozdegalicia.es\/mundoexotico\/files\/2023\/09\/IMG-20220514-WA0081-1536x1152.jpg 1536w, https:\/\/blogs.lavozdegalicia.es\/mundoexotico\/files\/2023\/09\/IMG-20220514-WA0081-510x382.jpg 510w, https:\/\/blogs.lavozdegalicia.es\/mundoexotico\/files\/2023\/09\/IMG-20220514-WA0081-1080x810.jpg 1080w, https:\/\/blogs.lavozdegalicia.es\/mundoexotico\/files\/2023\/09\/IMG-20220514-WA0081.jpg 2048w\" sizes=\"auto, (max-width: 1024px) 100vw, 1024px\" \/><\/a><\/p>\n<p>El m\u00e9todo que usan para localizarlas es desde la propia costa, con grandes catalejos y son los vig\u00edas los que avisan a las embarcaciones de hacia donde se tienen que dirigir.<\/p>\n<p><a href=\"https:\/\/blogs.lavozdegalicia.es\/mundoexotico\/files\/2023\/09\/IMG-20220430-WA0025-2.jpg\"><img loading=\"lazy\" decoding=\"async\" class=\"aligncenter size-full wp-image-3261\" src=\"https:\/\/blogs.lavozdegalicia.es\/mundoexotico\/files\/2023\/09\/IMG-20220430-WA0025-2.jpg\" alt=\"\" width=\"885\" height=\"571\" srcset=\"https:\/\/blogs.lavozdegalicia.es\/mundoexotico\/files\/2023\/09\/IMG-20220430-WA0025-2.jpg 885w, https:\/\/blogs.lavozdegalicia.es\/mundoexotico\/files\/2023\/09\/IMG-20220430-WA0025-2-300x194.jpg 300w, https:\/\/blogs.lavozdegalicia.es\/mundoexotico\/files\/2023\/09\/IMG-20220430-WA0025-2-768x496.jpg 768w\" sizes=\"auto, (max-width: 885px) 100vw, 885px\" \/><\/a><\/p>\n<p><iframe loading=\"lazy\" title=\"VID 20220514 WA0137\" width=\"1080\" height=\"608\" src=\"https:\/\/www.youtube.com\/embed\/wnvrSsil0_I?feature=oembed\" frameborder=\"0\" allow=\"accelerometer; autoplay; clipboard-write; encrypted-media; gyroscope; picture-in-picture; web-share\" allowfullscreen><\/iframe><\/p>\n<p>Yo lo hice un par de veces y en una vimos cantidad de delfines, pero no ballenas y en la segunda un cachalote y varias especies m\u00e1s.<\/p>\n<p><a href=\"https:\/\/blogs.lavozdegalicia.es\/mundoexotico\/files\/2023\/09\/IMG_20220430_101344-2.jpg\"><img loading=\"lazy\" decoding=\"async\" class=\"aligncenter size-large wp-image-3260\" src=\"https:\/\/blogs.lavozdegalicia.es\/mundoexotico\/files\/2023\/09\/IMG_20220430_101344-2-1024x660.jpg\" alt=\"\" width=\"1024\" height=\"660\" srcset=\"https:\/\/blogs.lavozdegalicia.es\/mundoexotico\/files\/2023\/09\/IMG_20220430_101344-2-1024x660.jpg 1024w, https:\/\/blogs.lavozdegalicia.es\/mundoexotico\/files\/2023\/09\/IMG_20220430_101344-2-300x193.jpg 300w, https:\/\/blogs.lavozdegalicia.es\/mundoexotico\/files\/2023\/09\/IMG_20220430_101344-2-768x495.jpg 768w, https:\/\/blogs.lavozdegalicia.es\/mundoexotico\/files\/2023\/09\/IMG_20220430_101344-2-1536x990.jpg 1536w, https:\/\/blogs.lavozdegalicia.es\/mundoexotico\/files\/2023\/09\/IMG_20220430_101344-2-1080x696.jpg 1080w, https:\/\/blogs.lavozdegalicia.es\/mundoexotico\/files\/2023\/09\/IMG_20220430_101344-2.jpg 1652w\" sizes=\"auto, (max-width: 1024px) 100vw, 1024px\" \/><\/a><\/p>\n<p>Los barcos tienen que mantener una distancia prudente con las ballenas para no estresarlas bajo amenazas de sanci\u00f3n, pero los delfines son ellos los que viene a jugar con los barcos.<\/p>\n<p><iframe loading=\"lazy\" title=\"VID 20220430 WA0032\" width=\"1080\" height=\"608\" src=\"https:\/\/www.youtube.com\/embed\/sg1pVnucxMA?feature=oembed\" frameborder=\"0\" allow=\"accelerometer; autoplay; clipboard-write; encrypted-media; gyroscope; picture-in-picture; web-share\" allowfullscreen><\/iframe><\/p>\n<p>El precio por persona ronda los sesenta euros y la actividad dura unas tres horas. Es recomendable e interesante pero no es accesible.<\/p>\n<p><a href=\"https:\/\/blogs.lavozdegalicia.es\/mundoexotico\/files\/2023\/09\/IMG-20220430-WA0000.jpg\"><img loading=\"lazy\" decoding=\"async\" class=\"aligncenter size-large wp-image-3265\" src=\"https:\/\/blogs.lavozdegalicia.es\/mundoexotico\/files\/2023\/09\/IMG-20220430-WA0000-577x1024.jpg\" alt=\"\" width=\"577\" height=\"1024\" srcset=\"https:\/\/blogs.lavozdegalicia.es\/mundoexotico\/files\/2023\/09\/IMG-20220430-WA0000-577x1024.jpg 577w, https:\/\/blogs.lavozdegalicia.es\/mundoexotico\/files\/2023\/09\/IMG-20220430-WA0000-169x300.jpg 169w, https:\/\/blogs.lavozdegalicia.es\/mundoexotico\/files\/2023\/09\/IMG-20220430-WA0000-768x1364.jpg 768w, https:\/\/blogs.lavozdegalicia.es\/mundoexotico\/files\/2023\/09\/IMG-20220430-WA0000-865x1536.jpg 865w, https:\/\/blogs.lavozdegalicia.es\/mundoexotico\/files\/2023\/09\/IMG-20220430-WA0000.jpg 901w\" sizes=\"auto, (max-width: 577px) 100vw, 577px\" \/><\/a><\/p>\n<p>Ya en la parte m\u00e1s l\u00fadica y fiestera en la zona del puerto hay gran ambiente por las noches para tomar una copa o cenar en las terrazas de los restaurantes.<\/p>\n<p><iframe loading=\"lazy\" title=\"VID 20220514 WA0002\" width=\"1080\" height=\"608\" src=\"https:\/\/www.youtube.com\/embed\/M7VOA2LveiM?feature=oembed\" frameborder=\"0\" allow=\"accelerometer; autoplay; clipboard-write; encrypted-media; gyroscope; picture-in-picture; web-share\" allowfullscreen><\/iframe><\/p>\n<p>Nosotros fuimos tambi\u00e9n a un local con m\u00fasica en vivo y a un bar en el que se pod\u00edan fumar shishas de varios sabores.<\/p>\n<p>\u00a1\u00a1Interesante!!<\/p>\n<h3><strong>Por Fran Raposo<\/strong><\/h3>\n<p><strong>\u00a9 Fotograf\u00edas y v\u00eddeo propiedad o cedidos a Fran Raposo. Prohibida su reproducci\u00f3n.<\/strong><\/p>\n","protected":false},"excerpt":{"rendered":"<p>Sao Miguel, Azores. Parte 3. Ponta Delgada y cet\u00e1ceos. Por Fran Raposo Sao Miguel es la isla principal de las Azores y Ponta Delgada la capital de la Isla. Antiguamente, hasta el siglo XIV la capital era Vila Franca do Campo, pero un terremoto la destruy\u00f3 y convirti\u00f3 a Ponta Delgada que, hasta la fecha [&hellip;]<\/p>\n","protected":false},"author":228,"featured_media":0,"comment_status":"open","ping_status":"open","sticky":false,"template":"","format":"standard","meta":{"ngg_post_thumbnail":0,"footnotes":""},"categories":[6326],"tags":[],"class_list":["post-3250","post","type-post","status-publish","format-standard","hentry","category-articulo"],"aioseo_notices":[],"_links":{"self":[{"href":"https:\/\/blogs.lavozdegalicia.es\/mundoexotico\/wp-json\/wp\/v2\/posts\/3250","targetHints":{"allow":["GET"]}}],"collection":[{"href":"https:\/\/blogs.lavozdegalicia.es\/mundoexotico\/wp-json\/wp\/v2\/posts"}],"about":[{"href":"https:\/\/blogs.lavozdegalicia.es\/mundoexotico\/wp-json\/wp\/v2\/types\/post"}],"author":[{"embeddable":true,"href":"https:\/\/blogs.lavozdegalicia.es\/mundoexotico\/wp-json\/wp\/v2\/users\/228"}],"replies":[{"embeddable":true,"href":"https:\/\/blogs.lavozdegalicia.es\/mundoexotico\/wp-json\/wp\/v2\/comments?post=3250"}],"version-history":[{"count":10,"href":"https:\/\/blogs.lavozdegalicia.es\/mundoexotico\/wp-json\/wp\/v2\/posts\/3250\/revisions"}],"predecessor-version":[{"id":3301,"href":"https:\/\/blogs.lavozdegalicia.es\/mundoexotico\/wp-json\/wp\/v2\/posts\/3250\/revisions\/3301"}],"wp:attachment":[{"href":"https:\/\/blogs.lavozdegalicia.es\/mundoexotico\/wp-json\/wp\/v2\/media?parent=3250"}],"wp:term":[{"taxonomy":"category","embeddable":true,"href":"https:\/\/blogs.lavozdegalicia.es\/mundoexotico\/wp-json\/wp\/v2\/categories?post=3250"},{"taxonomy":"post_tag","embeddable":true,"href":"https:\/\/blogs.lavozdegalicia.es\/mundoexotico\/wp-json\/wp\/v2\/tags?post=3250"}],"curies":[{"name":"wp","href":"https:\/\/api.w.org\/{rel}","templated":true}]}}